{"id":9004,"date":"2022-05-25T19:18:01","date_gmt":"2022-05-25T17:18:01","guid":{"rendered":"https:\/\/jardindeplumes.fr\/wp\/?p=9004"},"modified":"2022-05-25T19:18:06","modified_gmt":"2022-05-25T17:18:06","slug":"fermeture-exceptionnelle-samedi-28-mai","status":"publish","type":"post","link":"https:\/\/jardindeplumes.fr\/wp\/2022\/05\/25\/fermeture-exceptionnelle-samedi-28-mai\/","title":{"rendered":"Fermeture exceptionnelle samedi 28 mai"},"content":{"rendered":"\n<p>Bonjour \u00e0 tous,<\/p>\n\n\n\n<p>Le Jardin de Plumes ne sera pas ouvert ce samedi, pour un repos du jardinier en famille !!<\/p>\n\n\n\n<p>On se retrouve mercredi prochain pour les plants de saison (courges, salades, betteraves, fenouil, tomates et piment doux&#8230;) et aussi pour les l\u00e9gumes de saison (pomme de terre nouvelle, feves, fraises, salade, \u00e9pinards&#8230;).<\/p>\n\n\n\n<p>Bon WE \u00e0 tous !<\/p>\n\n\n\n<p>A bient\u00f4t !<\/p>\n","protected":false},"excerpt":{"rendered":"<p>Bonjour \u00e0 tous, Le Jardin de Plumes ne sera pas ouvert ce samedi, pour un repos du jardinier en famille !! On se retrouve mercredi prochain pour les plants de saison (courges, salades, betteraves, fenouil, tomates et piment doux&#8230;) et aussi pour les l\u00e9gumes de saison (pomme de terre nouvelle, feves, fraises, salade, \u00e9pinards&#8230;). Bon [&hellip;]<\/p>\n","protected":false},"author":1,"featured_media":0,"comment_status":"closed","ping_status":"open","sticky":false,"template":"","format":"standard","meta":{"jetpack_post_was_ever_published":false,"footnotes":"","jetpack_publicize_message":"","jetpack_publicize_feature_enabled":true,"jetpack_social_post_already_shared":true,"jetpack_social_options":{"image_generator_settings":{"template":"highway","default_image_id":0,"font":"","enabled":false},"version":2}},"categories":[7],"tags":[],"class_list":["post-9004","post","type-post","status-publish","format-standard","hentry","category-jardin"],"jetpack_publicize_connections":[],"jetpack_featured_media_url":"","jetpack_sharing_enabled":true,"jetpack_shortlink":"https:\/\/wp.me\/p7ci6X-2le","jetpack-related-posts":[{"id":10063,"url":"https:\/\/jardindeplumes.fr\/wp\/2025\/01\/31\/horaires-dhiver-le-samedi-cest-repit\/","url_meta":{"origin":9004,"position":0},"title":"Horaires d&#8217;hiver : le samedi c&#8217;est r\u00e9pit !","author":"Olivier","date":"31 janvier 2025","format":false,"excerpt":"Bonjour \u00e0 tous, J'ai pris un peu de retard sur les actualit\u00e9s dis donc !!! Les actualit\u00e9s de la semaine au jardin L'hiver est \u00e0 son z\u00e9nith ! Le jardin se vide et la diversit\u00e9 des l\u00e9gumes diminue pour mieux se pr\u00e9parer \u00e0 rena\u00eetre ! Ainsi, les nouveaux horaires se\u2026","rel":"","context":"Dans &quot;Jardin&quot;","block_context":{"text":"Jardin","link":"https:\/\/jardindeplumes.fr\/wp\/category\/jardin\/"},"img":{"alt_text":"","src":"https:\/\/i0.wp.com\/jardindeplumes.fr\/wp\/wp-content\/uploads\/2025\/01\/IMG_20250123_141643920_HDR-scaled.jpg?resize=350%2C200","width":350,"height":200,"srcset":"https:\/\/i0.wp.com\/jardindeplumes.fr\/wp\/wp-content\/uploads\/2025\/01\/IMG_20250123_141643920_HDR-scaled.jpg?resize=350%2C200 1x, https:\/\/i0.wp.com\/jardindeplumes.fr\/wp\/wp-content\/uploads\/2025\/01\/IMG_20250123_141643920_HDR-scaled.jpg?resize=525%2C300 1.5x, https:\/\/i0.wp.com\/jardindeplumes.fr\/wp\/wp-content\/uploads\/2025\/01\/IMG_20250123_141643920_HDR-scaled.jpg?resize=700%2C400 2x, https:\/\/i0.wp.com\/jardindeplumes.fr\/wp\/wp-content\/uploads\/2025\/01\/IMG_20250123_141643920_HDR-scaled.jpg?resize=1050%2C600 3x, https:\/\/i0.wp.com\/jardindeplumes.fr\/wp\/wp-content\/uploads\/2025\/01\/IMG_20250123_141643920_HDR-scaled.jpg?resize=1400%2C800 4x"},"classes":[]},{"id":10013,"url":"https:\/\/jardindeplumes.fr\/wp\/2024\/10\/24\/bienvenue-a-martin\/","url_meta":{"origin":9004,"position":1},"title":"Bienvenue \u00e0 Martin","author":"Olivier","date":"24 octobre 2024","format":false,"excerpt":"Bonjour \u00e0 tous, Les actualit\u00e9s de la semaine au jardin Cette semaine, le Jardin de Plumes accueille Martin qui est en stage dans le cadre d'un Brevet Professionnel de Responsable d'Exploitation Agricole. Il reviendra plusieurs fois dans l'ann\u00e9e pour d\u00e9couvrir les activit\u00e9s du jardin et le rythme des vivants qui\u2026","rel":"","context":"Dans &quot;Jardin&quot;","block_context":{"text":"Jardin","link":"https:\/\/jardindeplumes.fr\/wp\/category\/jardin\/"},"img":{"alt_text":"","src":"https:\/\/i0.wp.com\/jardindeplumes.fr\/wp\/wp-content\/uploads\/2024\/10\/IMG_20241024_143622477_HDR-scaled.jpg?resize=350%2C200&ssl=1","width":350,"height":200,"srcset":"https:\/\/i0.wp.com\/jardindeplumes.fr\/wp\/wp-content\/uploads\/2024\/10\/IMG_20241024_143622477_HDR-scaled.jpg?resize=350%2C200&ssl=1 1x, https:\/\/i0.wp.com\/jardindeplumes.fr\/wp\/wp-content\/uploads\/2024\/10\/IMG_20241024_143622477_HDR-scaled.jpg?resize=525%2C300&ssl=1 1.5x, https:\/\/i0.wp.com\/jardindeplumes.fr\/wp\/wp-content\/uploads\/2024\/10\/IMG_20241024_143622477_HDR-scaled.jpg?resize=700%2C400&ssl=1 2x, https:\/\/i0.wp.com\/jardindeplumes.fr\/wp\/wp-content\/uploads\/2024\/10\/IMG_20241024_143622477_HDR-scaled.jpg?resize=1050%2C600&ssl=1 3x, https:\/\/i0.wp.com\/jardindeplumes.fr\/wp\/wp-content\/uploads\/2024\/10\/IMG_20241024_143622477_HDR-scaled.jpg?resize=1400%2C800&ssl=1 4x"},"classes":[]},{"id":10115,"url":"https:\/\/jardindeplumes.fr\/wp\/2025\/09\/18\/les-reines-de-lete-en-boite\/","url_meta":{"origin":9004,"position":2},"title":"Les reines de l&#8217;\u00e9t\u00e9 en boite !","author":"Olivier","date":"18 septembre 2025","format":false,"excerpt":"Bonjour \u00e0 tous, Les actualit\u00e9s de la semaine au jardin \u00c7a sent la fin de la saison pour les l\u00e9gumes d'\u00e9t\u00e9 ! Les reines de la tribu sont disponibles pour la mise boite sous toutes les formes ! Demain, vous pourrez donc trouver les tomates pour faire vos r\u00e9serves de\u2026","rel":"","context":"Dans &quot;Jardin&quot;","block_context":{"text":"Jardin","link":"https:\/\/jardindeplumes.fr\/wp\/category\/jardin\/"},"img":{"alt_text":"","src":"https:\/\/i0.wp.com\/jardindeplumes.fr\/wp\/wp-content\/uploads\/2025\/09\/IMG_20250913_123940733-scaled.jpg?resize=350%2C200","width":350,"height":200,"srcset":"https:\/\/i0.wp.com\/jardindeplumes.fr\/wp\/wp-content\/uploads\/2025\/09\/IMG_20250913_123940733-scaled.jpg?resize=350%2C200 1x, https:\/\/i0.wp.com\/jardindeplumes.fr\/wp\/wp-content\/uploads\/2025\/09\/IMG_20250913_123940733-scaled.jpg?resize=525%2C300 1.5x, https:\/\/i0.wp.com\/jardindeplumes.fr\/wp\/wp-content\/uploads\/2025\/09\/IMG_20250913_123940733-scaled.jpg?resize=700%2C400 2x, https:\/\/i0.wp.com\/jardindeplumes.fr\/wp\/wp-content\/uploads\/2025\/09\/IMG_20250913_123940733-scaled.jpg?resize=1050%2C600 3x, https:\/\/i0.wp.com\/jardindeplumes.fr\/wp\/wp-content\/uploads\/2025\/09\/IMG_20250913_123940733-scaled.jpg?resize=1400%2C800 4x"},"classes":[]},{"id":10050,"url":"https:\/\/jardindeplumes.fr\/wp\/2024\/12\/19\/vendredi-a-19h-vacances-de-noel\/","url_meta":{"origin":9004,"position":3},"title":"Vendredi \u00e0 19h : Vacances de No\u00ebl !!","author":"Olivier","date":"19 d\u00e9cembre 2024","format":false,"excerpt":"Bonjour \u00e0 tous, Les actualit\u00e9s de la semaine au jardin Le jardinier principal prend des vacances !! Eh oui, je vais profiter des familles et faire un break de 10 jours (waouh !!). Fermeture : Vendredi 20 d\u00e9cembre \u00e0 19hR\u00e9ouverture : vendredi 3 et samedi 4 janvier C\u00f4t\u00e9 semis et\u2026","rel":"","context":"Dans &quot;Jardin&quot;","block_context":{"text":"Jardin","link":"https:\/\/jardindeplumes.fr\/wp\/category\/jardin\/"},"img":{"alt_text":"","src":"https:\/\/i0.wp.com\/jardindeplumes.fr\/wp\/wp-content\/uploads\/2024\/12\/IMG_20241123_095032762_HDR-scaled.jpg?resize=350%2C200","width":350,"height":200,"srcset":"https:\/\/i0.wp.com\/jardindeplumes.fr\/wp\/wp-content\/uploads\/2024\/12\/IMG_20241123_095032762_HDR-scaled.jpg?resize=350%2C200 1x, https:\/\/i0.wp.com\/jardindeplumes.fr\/wp\/wp-content\/uploads\/2024\/12\/IMG_20241123_095032762_HDR-scaled.jpg?resize=525%2C300 1.5x, https:\/\/i0.wp.com\/jardindeplumes.fr\/wp\/wp-content\/uploads\/2024\/12\/IMG_20241123_095032762_HDR-scaled.jpg?resize=700%2C400 2x, https:\/\/i0.wp.com\/jardindeplumes.fr\/wp\/wp-content\/uploads\/2024\/12\/IMG_20241123_095032762_HDR-scaled.jpg?resize=1050%2C600 3x, https:\/\/i0.wp.com\/jardindeplumes.fr\/wp\/wp-content\/uploads\/2024\/12\/IMG_20241123_095032762_HDR-scaled.jpg?resize=1400%2C800 4x"},"classes":[]},{"id":10033,"url":"https:\/\/jardindeplumes.fr\/wp\/2024\/11\/28\/les-haies-meritent-bien-un-samedi\/","url_meta":{"origin":9004,"position":4},"title":"Les haies m\u00e9ritent bien un samedi !","author":"Olivier","date":"28 novembre 2024","format":false,"excerpt":"Bonjour \u00e0 tous, Les actualit\u00e9s de la semaine au jardin Cette semaine, le Jardin de Plumes a continu\u00e9 la plantation des piquets pour planter des haies. Avec Martin, le stagiaire en BPREA (vous vous souvenez ?), nous sommes all\u00e9s chercher les 300 premiers piquets d'acacia (faut que la cl\u00f4ture r\u00e9siste\u2026","rel":"","context":"Dans &quot;Jardin&quot;","block_context":{"text":"Jardin","link":"https:\/\/jardindeplumes.fr\/wp\/category\/jardin\/"},"img":{"alt_text":"","src":"https:\/\/i0.wp.com\/jardindeplumes.fr\/wp\/wp-content\/uploads\/2024\/11\/IMG_20241128_123016795_HDR-3-scaled.jpg?resize=350%2C200","width":350,"height":200,"srcset":"https:\/\/i0.wp.com\/jardindeplumes.fr\/wp\/wp-content\/uploads\/2024\/11\/IMG_20241128_123016795_HDR-3-scaled.jpg?resize=350%2C200 1x, https:\/\/i0.wp.com\/jardindeplumes.fr\/wp\/wp-content\/uploads\/2024\/11\/IMG_20241128_123016795_HDR-3-scaled.jpg?resize=525%2C300 1.5x, https:\/\/i0.wp.com\/jardindeplumes.fr\/wp\/wp-content\/uploads\/2024\/11\/IMG_20241128_123016795_HDR-3-scaled.jpg?resize=700%2C400 2x, https:\/\/i0.wp.com\/jardindeplumes.fr\/wp\/wp-content\/uploads\/2024\/11\/IMG_20241128_123016795_HDR-3-scaled.jpg?resize=1050%2C600 3x, https:\/\/i0.wp.com\/jardindeplumes.fr\/wp\/wp-content\/uploads\/2024\/11\/IMG_20241128_123016795_HDR-3-scaled.jpg?resize=1400%2C800 4x"},"classes":[]},{"id":10018,"url":"https:\/\/jardindeplumes.fr\/wp\/2024\/10\/31\/ouverture-ce-we-de-toussaint\/","url_meta":{"origin":9004,"position":5},"title":"Ouverture ce WE de Toussaint","author":"Olivier","date":"31 octobre 2024","format":false,"excerpt":"Bonjour \u00e0 tous, Les actualit\u00e9s de la semaine au jardin Le jardin sera ouvert pour la vente ce vendredi 1er Novembre et ce samedi 2. Cette semaine, le Jardin de Plumes a tenu le march\u00e9 de Gan gr\u00e2ce aux membres de son \"archipel\" car le mara\u00eecher principal \u00e9tait en vacances...\u2026","rel":"","context":"Dans &quot;Jardin&quot;","block_context":{"text":"Jardin","link":"https:\/\/jardindeplumes.fr\/wp\/category\/jardin\/"},"img":{"alt_text":"","src":"https:\/\/i0.wp.com\/jardindeplumes.fr\/wp\/wp-content\/uploads\/2024\/10\/IMG_20241030_143131288_HDR-scaled.jpg?resize=350%2C200&ssl=1","width":350,"height":200,"srcset":"https:\/\/i0.wp.com\/jardindeplumes.fr\/wp\/wp-content\/uploads\/2024\/10\/IMG_20241030_143131288_HDR-scaled.jpg?resize=350%2C200&ssl=1 1x, https:\/\/i0.wp.com\/jardindeplumes.fr\/wp\/wp-content\/uploads\/2024\/10\/IMG_20241030_143131288_HDR-scaled.jpg?resize=525%2C300&ssl=1 1.5x, https:\/\/i0.wp.com\/jardindeplumes.fr\/wp\/wp-content\/uploads\/2024\/10\/IMG_20241030_143131288_HDR-scaled.jpg?resize=700%2C400&ssl=1 2x, https:\/\/i0.wp.com\/jardindeplumes.fr\/wp\/wp-content\/uploads\/2024\/10\/IMG_20241030_143131288_HDR-scaled.jpg?resize=1050%2C600&ssl=1 3x, https:\/\/i0.wp.com\/jardindeplumes.fr\/wp\/wp-content\/uploads\/2024\/10\/IMG_20241030_143131288_HDR-scaled.jpg?resize=1400%2C800&ssl=1 4x"},"classes":[]}],"_links":{"self":[{"href":"https:\/\/jardindeplumes.fr\/wp\/wp-json\/wp\/v2\/posts\/9004","targetHints":{"allow":["GET"]}}],"collection":[{"href":"https:\/\/jardindeplumes.fr\/wp\/wp-json\/wp\/v2\/posts"}],"about":[{"href":"https:\/\/jardindeplumes.fr\/wp\/wp-json\/wp\/v2\/types\/post"}],"author":[{"embeddable":true,"href":"https:\/\/jardindeplumes.fr\/wp\/wp-json\/wp\/v2\/users\/1"}],"replies":[{"embeddable":true,"href":"https:\/\/jardindeplumes.fr\/wp\/wp-json\/wp\/v2\/comments?post=9004"}],"version-history":[{"count":1,"href":"https:\/\/jardindeplumes.fr\/wp\/wp-json\/wp\/v2\/posts\/9004\/revisions"}],"predecessor-version":[{"id":9005,"href":"https:\/\/jardindeplumes.fr\/wp\/wp-json\/wp\/v2\/posts\/9004\/revisions\/9005"}],"wp:attachment":[{"href":"https:\/\/jardindeplumes.fr\/wp\/wp-json\/wp\/v2\/media?parent=9004"}],"wp:term":[{"taxonomy":"category","embeddable":true,"href":"https:\/\/jardindeplumes.fr\/wp\/wp-json\/wp\/v2\/categories?post=9004"},{"taxonomy":"post_tag","embeddable":true,"href":"https:\/\/jardindeplumes.fr\/wp\/wp-json\/wp\/v2\/tags?post=9004"}],"curies":[{"name":"wp","href":"https:\/\/api.w.org\/{rel}","templated":true}]}}