{"id":6372,"date":"2020-07-16T22:03:43","date_gmt":"2020-07-16T20:03:43","guid":{"rendered":"https:\/\/jardindeplumes.fr\/wp\/?p=6372"},"modified":"2020-07-16T22:03:43","modified_gmt":"2020-07-16T20:03:43","slug":"la-carotte-sauvage-au-jardin-de-plumes","status":"publish","type":"post","link":"https:\/\/jardindeplumes.fr\/wp\/2020\/07\/16\/la-carotte-sauvage-au-jardin-de-plumes\/","title":{"rendered":"La Carotte Sauvage au Jardin de Plumes !"},"content":{"rendered":"\n<p>Bonjour \u00e0 tous,<\/p>\n\n\n\n<p>Violette vous dit tout sur les animations \u00e0 venir au Jardin de Plumes !!<\/p>\n\n\n\n<h2 class=\"wp-block-heading\">D\u00e8s demain&#8230;<\/h2>\n\n\n\n<p>D\u00e9gustations des produits de la Carotte Sauvage et d\u00e9monstration sur les l\u00e9gumes lactoferment\u00e9s et le k\u00e9fir (pour attirer les foules et parce que j&#8217;aime faire plusieurs choses \u00e0 la fois \ud83d\ude09<br>&#8211; demain donc vendredi 17 juillet de 16h \u00e0 18h45<br>&#8211; mercredi 22 juillet de 17h \u00e0 18h45<br>&#8211; mercredi 29 juillet de 17h \u00e0 18h (apr\u00e8s j&#8217;ai amap&#8230;)<br>&#8211; mercredi 12 ao\u00fbt de 17h \u00e0 18h (apr\u00e8s j&#8217;ai amap&#8230;)<br><\/p>\n\n\n\n<h2 class=\"wp-block-heading\">D\u00e8s mercredi prochain&#8230;<\/h2>\n\n\n\n<div class=\"wp-block-image\"><figure class=\"aligncenter size-large\"><img data-recalc-dims=\"1\" loading=\"lazy\" decoding=\"async\" width=\"724\" height=\"1024\" data-attachment-id=\"6375\" data-permalink=\"https:\/\/jardindeplumes.fr\/wp\/2020\/07\/16\/la-carotte-sauvage-au-jardin-de-plumes\/affiche-balades-peda-ateliers-au-jardin-de-plumes-2\/\" data-orig-file=\"https:\/\/i0.wp.com\/jardindeplumes.fr\/wp\/wp-content\/uploads\/2020\/07\/affiche-balades-peda-ateliers-au-jardin-de-plumes.jpg?fit=826%2C1169&amp;ssl=1\" data-orig-size=\"826,1169\" data-comments-opened=\"0\" data-image-meta=\"{&quot;aperture&quot;:&quot;0&quot;,&quot;credit&quot;:&quot;&quot;,&quot;camera&quot;:&quot;&quot;,&quot;caption&quot;:&quot;&quot;,&quot;created_timestamp&quot;:&quot;0&quot;,&quot;copyright&quot;:&quot;&quot;,&quot;focal_length&quot;:&quot;0&quot;,&quot;iso&quot;:&quot;0&quot;,&quot;shutter_speed&quot;:&quot;0&quot;,&quot;title&quot;:&quot;&quot;,&quot;orientation&quot;:&quot;0&quot;}\" data-image-title=\"affiche-balades-peda-ateliers-au-jardin-de-plumes\" data-image-description=\"\" data-image-caption=\"\" data-large-file=\"https:\/\/i0.wp.com\/jardindeplumes.fr\/wp\/wp-content\/uploads\/2020\/07\/affiche-balades-peda-ateliers-au-jardin-de-plumes.jpg?fit=724%2C1024&amp;ssl=1\" src=\"https:\/\/i0.wp.com\/jardindeplumes.fr\/wp\/wp-content\/uploads\/2020\/07\/affiche-balades-peda-ateliers-au-jardin-de-plumes.jpg?resize=724%2C1024&#038;ssl=1\" alt=\"\" class=\"wp-image-6375\" srcset=\"https:\/\/i0.wp.com\/jardindeplumes.fr\/wp\/wp-content\/uploads\/2020\/07\/affiche-balades-peda-ateliers-au-jardin-de-plumes.jpg?resize=724%2C1024&amp;ssl=1 724w, https:\/\/i0.wp.com\/jardindeplumes.fr\/wp\/wp-content\/uploads\/2020\/07\/affiche-balades-peda-ateliers-au-jardin-de-plumes.jpg?resize=212%2C300&amp;ssl=1 212w, https:\/\/i0.wp.com\/jardindeplumes.fr\/wp\/wp-content\/uploads\/2020\/07\/affiche-balades-peda-ateliers-au-jardin-de-plumes.jpg?resize=768%2C1087&amp;ssl=1 768w, https:\/\/i0.wp.com\/jardindeplumes.fr\/wp\/wp-content\/uploads\/2020\/07\/affiche-balades-peda-ateliers-au-jardin-de-plumes.jpg?resize=600%2C849&amp;ssl=1 600w, https:\/\/i0.wp.com\/jardindeplumes.fr\/wp\/wp-content\/uploads\/2020\/07\/affiche-balades-peda-ateliers-au-jardin-de-plumes.jpg?resize=530%2C750&amp;ssl=1 530w, https:\/\/i0.wp.com\/jardindeplumes.fr\/wp\/wp-content\/uploads\/2020\/07\/affiche-balades-peda-ateliers-au-jardin-de-plumes.jpg?w=826&amp;ssl=1 826w\" sizes=\"auto, (max-width: 724px) 100vw, 724px\" \/><\/figure><\/div>\n","protected":false},"excerpt":{"rendered":"<p>Bonjour \u00e0 tous, Violette vous dit tout sur les animations \u00e0 venir au Jardin de Plumes !! D\u00e8s demain&#8230; D\u00e9gustations des produits de la Carotte Sauvage et d\u00e9monstration sur les l\u00e9gumes lactoferment\u00e9s et le k\u00e9fir (pour attirer les foules et parce que j&#8217;aime faire plusieurs choses \u00e0 la fois \ud83d\ude09&#8211; demain donc vendredi 17 juillet [&hellip;]<\/p>\n","protected":false},"author":1,"featured_media":0,"comment_status":"closed","ping_status":"open","sticky":false,"template":"","format":"standard","meta":{"jetpack_post_was_ever_published":false,"footnotes":"","jetpack_publicize_message":"","jetpack_publicize_feature_enabled":true,"jetpack_social_post_already_shared":true,"jetpack_social_options":{"image_generator_settings":{"template":"highway","default_image_id":0,"font":"","enabled":false},"version":2}},"categories":[7],"tags":[],"class_list":["post-6372","post","type-post","status-publish","format-standard","hentry","category-jardin"],"jetpack_publicize_connections":[],"jetpack_featured_media_url":"","jetpack_sharing_enabled":true,"jetpack_shortlink":"https:\/\/wp.me\/p7ci6X-1EM","jetpack-related-posts":[{"id":6378,"url":"https:\/\/jardindeplumes.fr\/wp\/2020\/07\/16\/la-carotte-sauvage-au-jardin-de-plumes-2\/","url_meta":{"origin":6372,"position":0},"title":"La Carotte Sauvage au Jardin de Plumes !","author":"Olivier","date":"16 juillet 2020","format":false,"excerpt":"Bonjour \u00e0 tous, Violette vous dit tout sur les animations \u00e0 venir au Jardin de Plumes !! D\u00e8s demain... D\u00e9gustations des produits de la Carotte Sauvage et d\u00e9monstration sur les l\u00e9gumes lactoferment\u00e9s et le k\u00e9fir (pour attirer les foules et parce que j'aime faire plusieurs choses \u00e0 la fois ;-)-\u2026","rel":"","context":"Dans &quot;Jardin&quot;","block_context":{"text":"Jardin","link":"https:\/\/jardindeplumes.fr\/wp\/category\/jardin\/"},"img":{"alt_text":"","src":"https:\/\/i0.wp.com\/jardindeplumes.fr\/wp\/wp-content\/uploads\/2020\/07\/affiche-balades-peda-ateliers-au-jardin-de-plumes.jpg?resize=350%2C200&ssl=1","width":350,"height":200,"srcset":"https:\/\/i0.wp.com\/jardindeplumes.fr\/wp\/wp-content\/uploads\/2020\/07\/affiche-balades-peda-ateliers-au-jardin-de-plumes.jpg?resize=350%2C200&ssl=1 1x, https:\/\/i0.wp.com\/jardindeplumes.fr\/wp\/wp-content\/uploads\/2020\/07\/affiche-balades-peda-ateliers-au-jardin-de-plumes.jpg?resize=525%2C300&ssl=1 1.5x, https:\/\/i0.wp.com\/jardindeplumes.fr\/wp\/wp-content\/uploads\/2020\/07\/affiche-balades-peda-ateliers-au-jardin-de-plumes.jpg?resize=700%2C400&ssl=1 2x"},"classes":[]},{"id":7165,"url":"https:\/\/jardindeplumes.fr\/wp\/2020\/12\/17\/fin-dannee\/","url_meta":{"origin":6372,"position":1},"title":"Fin d&#8217;ann\u00e9e&#8230;","author":"Olivier","date":"17 d\u00e9cembre 2020","format":false,"excerpt":"Bonjour \u00e0 tous, Dernier message de 2020 !! Et vivement 2021 ! Pour cette fin d'ann\u00e9e, voici l'organisation que je vous propose : Ouverture demain comme d'habitude et mercredi 23 d\u00e9cembre de 16h \u00e0 19h Reprise de la vente le vendredi 8 janvier ! Bonnes f\u00eates \u00e0 tous !!! Pour\u2026","rel":"","context":"Dans &quot;Jardin&quot;","block_context":{"text":"Jardin","link":"https:\/\/jardindeplumes.fr\/wp\/category\/jardin\/"},"img":{"alt_text":"","src":"https:\/\/i0.wp.com\/jardindeplumes.fr\/wp\/wp-content\/uploads\/2020\/12\/petit-rondin-scaled.jpg?resize=350%2C200","width":350,"height":200,"srcset":"https:\/\/i0.wp.com\/jardindeplumes.fr\/wp\/wp-content\/uploads\/2020\/12\/petit-rondin-scaled.jpg?resize=350%2C200 1x, https:\/\/i0.wp.com\/jardindeplumes.fr\/wp\/wp-content\/uploads\/2020\/12\/petit-rondin-scaled.jpg?resize=525%2C300 1.5x, https:\/\/i0.wp.com\/jardindeplumes.fr\/wp\/wp-content\/uploads\/2020\/12\/petit-rondin-scaled.jpg?resize=700%2C400 2x, https:\/\/i0.wp.com\/jardindeplumes.fr\/wp\/wp-content\/uploads\/2020\/12\/petit-rondin-scaled.jpg?resize=1050%2C600 3x, https:\/\/i0.wp.com\/jardindeplumes.fr\/wp\/wp-content\/uploads\/2020\/12\/petit-rondin-scaled.jpg?resize=1400%2C800 4x"},"classes":[]},{"id":6269,"url":"https:\/\/jardindeplumes.fr\/wp\/2020\/07\/09\/voila-lete-toujours-lete-encore-lete\/","url_meta":{"origin":6372,"position":2},"title":"Voil\u00e0 l&#8217;\u00e9t\u00e9, toujours l&#8217;\u00e9t\u00e9, encore l&#8217;\u00e9t\u00e9&#8230;","author":"Olivier","date":"9 juillet 2020","format":false,"excerpt":"Bonjour \u00e0 tous, Petit message en deux parties... L\u00e9gumes d'\u00e9t\u00e9 Nous attendions les temp\u00e9ratures d'\u00e9t\u00e9 avec une certaine impatience et les voil\u00e0 \"install\u00e9es\" depuis 2 semaines DONC... le jardin a r\u00e9agi ! Les reines du potagers sont de sortie (vous savez qui elles sont bien s\u00fbr ! Mais si !\u2026","rel":"","context":"Dans &quot;Jardin&quot;","block_context":{"text":"Jardin","link":"https:\/\/jardindeplumes.fr\/wp\/category\/jardin\/"},"img":{"alt_text":"","src":"https:\/\/i0.wp.com\/jardindeplumes.fr\/wp\/wp-content\/uploads\/transfert_jardin\/IMG-20200707-WA0006.jpg?resize=350%2C200&ssl=1","width":350,"height":200,"srcset":"https:\/\/i0.wp.com\/jardindeplumes.fr\/wp\/wp-content\/uploads\/transfert_jardin\/IMG-20200707-WA0006.jpg?resize=350%2C200&ssl=1 1x, https:\/\/i0.wp.com\/jardindeplumes.fr\/wp\/wp-content\/uploads\/transfert_jardin\/IMG-20200707-WA0006.jpg?resize=525%2C300&ssl=1 1.5x, https:\/\/i0.wp.com\/jardindeplumes.fr\/wp\/wp-content\/uploads\/transfert_jardin\/IMG-20200707-WA0006.jpg?resize=700%2C400&ssl=1 2x"},"classes":[]},{"id":10092,"url":"https:\/\/jardindeplumes.fr\/wp\/2025\/06\/05\/myrtilles-et-compagnie\/","url_meta":{"origin":6372,"position":3},"title":"Myrtilles et compagnie","author":"Olivier","date":"5 juin 2025","format":false,"excerpt":"Bonjour \u00e0 tous, Les actualit\u00e9s de la semaine au jardin C'est le d\u00e9but de la saison pour les fruits et l\u00e9gumes de l'archipel du Jardin de Plumes ! Demain, vous pourrez gouter aux myrtilles d'Eric. Son jardin est, administrativement en \"conversion vers l'agriculture biologique\". Mais il pratique depuis longtemps \u00e0\u2026","rel":"","context":"Dans &quot;Jardin&quot;","block_context":{"text":"Jardin","link":"https:\/\/jardindeplumes.fr\/wp\/category\/jardin\/"},"img":{"alt_text":"","src":"https:\/\/i0.wp.com\/jardindeplumes.fr\/wp\/wp-content\/uploads\/2025\/06\/image0000021-1.jpg?resize=350%2C200","width":350,"height":200,"srcset":"https:\/\/i0.wp.com\/jardindeplumes.fr\/wp\/wp-content\/uploads\/2025\/06\/image0000021-1.jpg?resize=350%2C200 1x, https:\/\/i0.wp.com\/jardindeplumes.fr\/wp\/wp-content\/uploads\/2025\/06\/image0000021-1.jpg?resize=525%2C300 1.5x, https:\/\/i0.wp.com\/jardindeplumes.fr\/wp\/wp-content\/uploads\/2025\/06\/image0000021-1.jpg?resize=700%2C400 2x"},"classes":[]},{"id":10115,"url":"https:\/\/jardindeplumes.fr\/wp\/2025\/09\/18\/les-reines-de-lete-en-boite\/","url_meta":{"origin":6372,"position":4},"title":"Les reines de l&#8217;\u00e9t\u00e9 en boite !","author":"Olivier","date":"18 septembre 2025","format":false,"excerpt":"Bonjour \u00e0 tous, Les actualit\u00e9s de la semaine au jardin \u00c7a sent la fin de la saison pour les l\u00e9gumes d'\u00e9t\u00e9 ! Les reines de la tribu sont disponibles pour la mise boite sous toutes les formes ! Demain, vous pourrez donc trouver les tomates pour faire vos r\u00e9serves de\u2026","rel":"","context":"Dans &quot;Jardin&quot;","block_context":{"text":"Jardin","link":"https:\/\/jardindeplumes.fr\/wp\/category\/jardin\/"},"img":{"alt_text":"","src":"https:\/\/i0.wp.com\/jardindeplumes.fr\/wp\/wp-content\/uploads\/2025\/09\/IMG_20250913_123940733-scaled.jpg?resize=350%2C200","width":350,"height":200,"srcset":"https:\/\/i0.wp.com\/jardindeplumes.fr\/wp\/wp-content\/uploads\/2025\/09\/IMG_20250913_123940733-scaled.jpg?resize=350%2C200 1x, https:\/\/i0.wp.com\/jardindeplumes.fr\/wp\/wp-content\/uploads\/2025\/09\/IMG_20250913_123940733-scaled.jpg?resize=525%2C300 1.5x, https:\/\/i0.wp.com\/jardindeplumes.fr\/wp\/wp-content\/uploads\/2025\/09\/IMG_20250913_123940733-scaled.jpg?resize=700%2C400 2x, https:\/\/i0.wp.com\/jardindeplumes.fr\/wp\/wp-content\/uploads\/2025\/09\/IMG_20250913_123940733-scaled.jpg?resize=1050%2C600 3x, https:\/\/i0.wp.com\/jardindeplumes.fr\/wp\/wp-content\/uploads\/2025\/09\/IMG_20250913_123940733-scaled.jpg?resize=1400%2C800 4x"},"classes":[]},{"id":2648,"url":"https:\/\/jardindeplumes.fr\/wp\/2018\/03\/05\/vous-aimez-le-boeuf-bio\/","url_meta":{"origin":6372,"position":5},"title":"Vous aimez le boeuf bio ?","author":"Olivier","date":"5 mars 2018","format":false,"excerpt":"Bonjour \u00e0 tous, Si vous r\u00eavez d'un bon morceau de viande fondant, bio et local, j'ai ce qu'il vous faut... Nathalie \u00e9l\u00e8ve, entre autre, des vaches de race Blonde d'Aquitaine. Elle vous propose du boeuf en caissette de 5 ou 10 kg de divers morceaux \u00e0 griller ou \u00e0 bouillir.\u2026","rel":"","context":"Dans &quot;Jardin&quot;","block_context":{"text":"Jardin","link":"https:\/\/jardindeplumes.fr\/wp\/category\/jardin\/"},"img":{"alt_text":"","src":"","width":0,"height":0},"classes":[]}],"_links":{"self":[{"href":"https:\/\/jardindeplumes.fr\/wp\/wp-json\/wp\/v2\/posts\/6372","targetHints":{"allow":["GET"]}}],"collection":[{"href":"https:\/\/jardindeplumes.fr\/wp\/wp-json\/wp\/v2\/posts"}],"about":[{"href":"https:\/\/jardindeplumes.fr\/wp\/wp-json\/wp\/v2\/types\/post"}],"author":[{"embeddable":true,"href":"https:\/\/jardindeplumes.fr\/wp\/wp-json\/wp\/v2\/users\/1"}],"replies":[{"embeddable":true,"href":"https:\/\/jardindeplumes.fr\/wp\/wp-json\/wp\/v2\/comments?post=6372"}],"version-history":[{"count":2,"href":"https:\/\/jardindeplumes.fr\/wp\/wp-json\/wp\/v2\/posts\/6372\/revisions"}],"predecessor-version":[{"id":6376,"href":"https:\/\/jardindeplumes.fr\/wp\/wp-json\/wp\/v2\/posts\/6372\/revisions\/6376"}],"wp:attachment":[{"href":"https:\/\/jardindeplumes.fr\/wp\/wp-json\/wp\/v2\/media?parent=6372"}],"wp:term":[{"taxonomy":"category","embeddable":true,"href":"https:\/\/jardindeplumes.fr\/wp\/wp-json\/wp\/v2\/categories?post=6372"},{"taxonomy":"post_tag","embeddable":true,"href":"https:\/\/jardindeplumes.fr\/wp\/wp-json\/wp\/v2\/tags?post=6372"}],"curies":[{"name":"wp","href":"https:\/\/api.w.org\/{rel}","templated":true}]}}