{"id":502,"date":"2016-06-28T22:43:37","date_gmt":"2016-06-28T20:43:37","guid":{"rendered":"http:\/\/jardindeplumes.fr\/wp\/?p=502"},"modified":"2016-06-28T22:43:37","modified_gmt":"2016-06-28T20:43:37","slug":"enseigne-posee","status":"publish","type":"post","link":"https:\/\/jardindeplumes.fr\/wp\/2016\/06\/28\/enseigne-posee\/","title":{"rendered":"Enseigne pos\u00e9e !"},"content":{"rendered":"<p><a href=\"https:\/\/i0.wp.com\/jardindeplumes.fr\/wp\/wp-content\/uploads\/2016\/06\/img_20160628_173358194.jpg?ssl=1\"><img data-recalc-dims=\"1\" decoding=\"async\" title=\"IMG_20160628_173358194.jpg\" class=\"alignnone size-full\"  alt=\"image\" src=\"https:\/\/i0.wp.com\/jardindeplumes.fr\/wp\/wp-content\/uploads\/2016\/06\/img_20160628_173358194.jpg?w=980&#038;ssl=1\" \/><\/a><\/p>\n<p>Salut \u00e0 tous,<br \/>\nNouvelle \u00e9tape franchie ! L&#8217;enseigne du jardin est pos\u00e9e depuis cet apr\u00e8s-midi. Vous ne pourrez pas dire que vous ne saviez pas o\u00f9 se trouvait l&#8217;entr\u00e9e&nbsp; \ud83d\ude09<br \/>\nElle est visible dans le sens Gan &#8211; Oloron pour penser \u00e0 se mettre sur le zebra. Pour le sens Oloron &#8211; Gan, il faudra attendre un peu car l&#8217;axe de visibilit\u00e9 est plus compliqu\u00e9 \u00e0 organiser. Mais a priori quand on passe dans un sens, on passe aussi dans l&#8217;autre&#8230;donc on voit au moins une fois l&#8217;enseigne sur son parcours. C&#8217;est un d\u00e9but !<br \/>\n\u00c0 bient\u00f4t<\/p>\n","protected":false},"excerpt":{"rendered":"<p>Salut \u00e0 tous, Nouvelle \u00e9tape franchie ! L&#8217;enseigne du jardin est pos\u00e9e depuis cet apr\u00e8s-midi. Vous ne pourrez pas dire que vous ne saviez pas o\u00f9 se trouvait l&#8217;entr\u00e9e&nbsp; \ud83d\ude09 Elle est visible dans le sens Gan &#8211; Oloron pour penser \u00e0 se mettre sur le zebra. Pour le sens Oloron &#8211; Gan, il faudra [&hellip;]<\/p>\n","protected":false},"author":1,"featured_media":0,"comment_status":"closed","ping_status":"open","sticky":false,"template":"","format":"standard","meta":{"jetpack_post_was_ever_published":false,"footnotes":"","jetpack_publicize_message":"","jetpack_publicize_feature_enabled":true,"jetpack_social_post_already_shared":true,"jetpack_social_options":{"image_generator_settings":{"template":"highway","default_image_id":0,"font":"","enabled":false},"version":2}},"categories":[7],"tags":[],"class_list":["post-502","post","type-post","status-publish","format-standard","hentry","category-jardin"],"jetpack_publicize_connections":[],"jetpack_featured_media_url":"","jetpack_sharing_enabled":true,"jetpack_shortlink":"https:\/\/wp.me\/p7ci6X-86","jetpack-related-posts":[{"id":441,"url":"https:\/\/jardindeplumes.fr\/wp\/2016\/06\/21\/cest-lete\/","url_meta":{"origin":502,"position":0},"title":"C&#8217;est l&#8217;\u00e9t\u00e9 !","author":"Olivier","date":"21 juin 2016","format":false,"excerpt":"Cette semaine au jardin, sont arriv\u00e9s les courgettes vertes et jaunes, les choux pointus, les betteraves, pousses de bambou et fleurs de capucines (assaisonnement poivr\u00e9 garanti !)... en plus des salades, bettes blanches jaunes et rouges, pommes de terre nouvelles. \u00c0 vos paniers ! Et rendez-vous au jardin sur le\u2026","rel":"","context":"Dans &quot;Jardin&quot;","block_context":{"text":"Jardin","link":"https:\/\/jardindeplumes.fr\/wp\/category\/jardin\/"},"img":{"alt_text":"img_20160621_103919654.jpg","src":"https:\/\/i0.wp.com\/jardindeplumes.fr\/wp\/wp-content\/uploads\/2016\/06\/img_20160621_103919654-225x300.jpg?resize=350%2C200&ssl=1","width":350,"height":200},"classes":[]},{"id":360,"url":"https:\/\/jardindeplumes.fr\/wp\/2016\/04\/30\/aides-a-linstallation-suite\/","url_meta":{"origin":502,"position":1},"title":"Aides \u00e0 l&#8217;installation, suite&#8230;","author":"Olivier","date":"30 avril 2016","format":false,"excerpt":"Vous vous rappelez peut \u00eatre des \u00e9tapes de l'installation agricole que j'ai \u00e9voqu\u00e9 lors de mon billet de bonne ann\u00e9e 2016 : http:\/\/www.deveniragriculteur.fr\/devenir-agriculteur\/les-etapes-de-mon-projet.html Eh bien j'en suis rendu \u00e0 l\u2019\u00e9tape 5, presque 6, puisque la \"banque des agriculteurs\" \u00e9tudie mon dossier... C'est quand m\u00eame elle qui installe 80% des JA\u2026","rel":"","context":"Dans &quot;Jardin&quot;","block_context":{"text":"Jardin","link":"https:\/\/jardindeplumes.fr\/wp\/category\/jardin\/"},"img":{"alt_text":"croquis_jardin_plumes","src":"https:\/\/i0.wp.com\/jardindeplumes.fr\/wp\/wp-content\/uploads\/2016\/04\/croquis_jardin_plumes-191x300.png?resize=350%2C200&ssl=1","width":350,"height":200},"classes":[]},{"id":10144,"url":"https:\/\/jardindeplumes.fr\/wp\/2026\/02\/24\/commandez-vos-plants\/","url_meta":{"origin":502,"position":2},"title":"Commandez vos plants !","author":"Olivier","date":"24 f\u00e9vrier 2026","format":false,"excerpt":"Bonjour \u00e0 tous, Innovation pour cette ann\u00e9e ! Nous vous proposons de pr\u00e9commander les plants des l\u00e9gumes que vous r\u00eavez d\u00e9j\u00e0 de voir pousser dans votre jardin ! La pr\u00e9commande nous permettra de pr\u00e9parer vos plants sur demande. Et petit \u00e0 petit de compl\u00e9ter le catalogue de plants et de\u2026","rel":"","context":"Dans &quot;Jardin&quot;","block_context":{"text":"Jardin","link":"https:\/\/jardindeplumes.fr\/wp\/category\/jardin\/"},"img":{"alt_text":"","src":"","width":0,"height":0},"classes":[]},{"id":317,"url":"https:\/\/jardindeplumes.fr\/wp\/2016\/03\/27\/paques-au-jardin\/","url_meta":{"origin":502,"position":3},"title":"P\u00e2ques au jardin&#8230;","author":"Olivier","date":"27 mars 2016","format":false,"excerpt":"D'abord les cloches passent... Ensuite on d\u00e9guste ces merveilleux chocolats qui viennent de l'ESAT de Saint Pee d'Oloron. D\u00e9licieux ! Et on installe encore du jardin. Et on continue les am\u00e9nagements, ici pour drainer le trop plein d'eau.","rel":"","context":"Dans &quot;Jardin&quot;","block_context":{"text":"Jardin","link":"https:\/\/jardindeplumes.fr\/wp\/category\/jardin\/"},"img":{"alt_text":"","src":"","width":0,"height":0},"classes":[]},{"id":10063,"url":"https:\/\/jardindeplumes.fr\/wp\/2025\/01\/31\/horaires-dhiver-le-samedi-cest-repit\/","url_meta":{"origin":502,"position":4},"title":"Horaires d&#8217;hiver : le samedi c&#8217;est r\u00e9pit !","author":"Olivier","date":"31 janvier 2025","format":false,"excerpt":"Bonjour \u00e0 tous, J'ai pris un peu de retard sur les actualit\u00e9s dis donc !!! Les actualit\u00e9s de la semaine au jardin L'hiver est \u00e0 son z\u00e9nith ! Le jardin se vide et la diversit\u00e9 des l\u00e9gumes diminue pour mieux se pr\u00e9parer \u00e0 rena\u00eetre ! Ainsi, les nouveaux horaires se\u2026","rel":"","context":"Dans &quot;Jardin&quot;","block_context":{"text":"Jardin","link":"https:\/\/jardindeplumes.fr\/wp\/category\/jardin\/"},"img":{"alt_text":"","src":"https:\/\/i0.wp.com\/jardindeplumes.fr\/wp\/wp-content\/uploads\/2025\/01\/IMG_20250123_141643920_HDR-scaled.jpg?resize=350%2C200","width":350,"height":200,"srcset":"https:\/\/i0.wp.com\/jardindeplumes.fr\/wp\/wp-content\/uploads\/2025\/01\/IMG_20250123_141643920_HDR-scaled.jpg?resize=350%2C200 1x, https:\/\/i0.wp.com\/jardindeplumes.fr\/wp\/wp-content\/uploads\/2025\/01\/IMG_20250123_141643920_HDR-scaled.jpg?resize=525%2C300 1.5x, https:\/\/i0.wp.com\/jardindeplumes.fr\/wp\/wp-content\/uploads\/2025\/01\/IMG_20250123_141643920_HDR-scaled.jpg?resize=700%2C400 2x, https:\/\/i0.wp.com\/jardindeplumes.fr\/wp\/wp-content\/uploads\/2025\/01\/IMG_20250123_141643920_HDR-scaled.jpg?resize=1050%2C600 3x, https:\/\/i0.wp.com\/jardindeplumes.fr\/wp\/wp-content\/uploads\/2025\/01\/IMG_20250123_141643920_HDR-scaled.jpg?resize=1400%2C800 4x"},"classes":[]},{"id":10071,"url":"https:\/\/jardindeplumes.fr\/wp\/2025\/04\/03\/en-avril-cest-seulement-le-mercredi\/","url_meta":{"origin":502,"position":5},"title":"En avril, c&#8217;est seulement le mercredi !","author":"Olivier","date":"3 avril 2025","format":false,"excerpt":"Bonjour \u00e0 tous, Les actualit\u00e9s de la semaine au jardin Le printemps d\u00e9marre et nous voila en plein travail pour la renaissance du jardin pour la saison qui vient ! Cependant, la diversit\u00e9 des l\u00e9gumes atteint son plus bas niveau... Donc pour la premi\u00e8re fois depuis la cr\u00e9ation du jardin\u2026","rel":"","context":"Dans &quot;Jardin&quot;","block_context":{"text":"Jardin","link":"https:\/\/jardindeplumes.fr\/wp\/category\/jardin\/"},"img":{"alt_text":"","src":"https:\/\/i0.wp.com\/jardindeplumes.fr\/wp\/wp-content\/uploads\/2025\/04\/IMG_20250403_181646970_HDR-scaled.jpg?resize=350%2C200","width":350,"height":200,"srcset":"https:\/\/i0.wp.com\/jardindeplumes.fr\/wp\/wp-content\/uploads\/2025\/04\/IMG_20250403_181646970_HDR-scaled.jpg?resize=350%2C200 1x, https:\/\/i0.wp.com\/jardindeplumes.fr\/wp\/wp-content\/uploads\/2025\/04\/IMG_20250403_181646970_HDR-scaled.jpg?resize=525%2C300 1.5x, https:\/\/i0.wp.com\/jardindeplumes.fr\/wp\/wp-content\/uploads\/2025\/04\/IMG_20250403_181646970_HDR-scaled.jpg?resize=700%2C400 2x, https:\/\/i0.wp.com\/jardindeplumes.fr\/wp\/wp-content\/uploads\/2025\/04\/IMG_20250403_181646970_HDR-scaled.jpg?resize=1050%2C600 3x, https:\/\/i0.wp.com\/jardindeplumes.fr\/wp\/wp-content\/uploads\/2025\/04\/IMG_20250403_181646970_HDR-scaled.jpg?resize=1400%2C800 4x"},"classes":[]}],"_links":{"self":[{"href":"https:\/\/jardindeplumes.fr\/wp\/wp-json\/wp\/v2\/posts\/502","targetHints":{"allow":["GET"]}}],"collection":[{"href":"https:\/\/jardindeplumes.fr\/wp\/wp-json\/wp\/v2\/posts"}],"about":[{"href":"https:\/\/jardindeplumes.fr\/wp\/wp-json\/wp\/v2\/types\/post"}],"author":[{"embeddable":true,"href":"https:\/\/jardindeplumes.fr\/wp\/wp-json\/wp\/v2\/users\/1"}],"replies":[{"embeddable":true,"href":"https:\/\/jardindeplumes.fr\/wp\/wp-json\/wp\/v2\/comments?post=502"}],"version-history":[{"count":1,"href":"https:\/\/jardindeplumes.fr\/wp\/wp-json\/wp\/v2\/posts\/502\/revisions"}],"predecessor-version":[{"id":503,"href":"https:\/\/jardindeplumes.fr\/wp\/wp-json\/wp\/v2\/posts\/502\/revisions\/503"}],"wp:attachment":[{"href":"https:\/\/jardindeplumes.fr\/wp\/wp-json\/wp\/v2\/media?parent=502"}],"wp:term":[{"taxonomy":"category","embeddable":true,"href":"https:\/\/jardindeplumes.fr\/wp\/wp-json\/wp\/v2\/categories?post=502"},{"taxonomy":"post_tag","embeddable":true,"href":"https:\/\/jardindeplumes.fr\/wp\/wp-json\/wp\/v2\/tags?post=502"}],"curies":[{"name":"wp","href":"https:\/\/api.w.org\/{rel}","templated":true}]}}