{"id":31,"date":"2015-10-12T20:23:23","date_gmt":"2015-10-12T18:23:23","guid":{"rendered":"http:\/\/jardindeplumes.fr\/wp\/?p=31"},"modified":"2016-02-15T13:49:00","modified_gmt":"2016-02-15T12:49:00","slug":"risotto-de-chou-frise","status":"publish","type":"post","link":"https:\/\/jardindeplumes.fr\/wp\/2015\/10\/12\/risotto-de-chou-frise\/","title":{"rendered":"Risotto de chou fris\u00e9"},"content":{"rendered":"<p>Pour 4 personnes<\/p>\n<p>Pr\u00e9paration: env. 20 min<br \/>\nCuisson: env. 20 min<\/p>\n<p>1 oignon, hach\u00e9<br \/>\n1 gousse d\u2019ail, press\u00e9e<br \/>\nbeurre pour faire suer<br \/>\n350 g de riz pour risotto (Carnaroli, p. ex.)<br \/>\n1 chou fris\u00e9 d\u2019env. 500 g, par\u00e9, coup\u00e9 en lani\u00e8res de 5 mm de large<br \/>\n1 dl de vin blanc ou de bouillon<br \/>\n7-9 dl de bouillon chaud<br \/>\n2-3 cs de cr\u00e8me<br \/>\nun peu de sel<br \/>\npoivre<br \/>\n50 g de Gruy\u00e8re AOP, r\u00e2p\u00e9<\/p>\n<h4>Pr\u00e9paration<\/h4>\n<div>\n<ol>\n<li>Risotto: faire suer l\u2019ail et l\u2019oignon dans le beurre. Ajouter le riz, \u00e9tuver. Faire de m\u00eame avec le chou. Mouiller avec le vin ou le bouillon, verser petit \u00e0 petit le bouillon chaud. Mijoter 15-20 min en remuant souvent, ajouter la cr\u00e8me, assaisonner.<\/li>\n<li>R\u00e9partir le risotto dans des assiettes creuses, saupoudrer de fromage.<\/li>\n<\/ol>\n<div data-blogger-escaped-style=\"margin: 20px 0px 0px; padding: 0px 0px 0px 24px;\">\n<p>Accompagner de 200-300 g de champignons de saison ou de champignons de culture (champignons de Paris ou pleurotes), nettoy\u00e9s et coup\u00e9s en morceaux, revenus dans du beurre \u00e0 r\u00f4tir, sal\u00e9s, poivr\u00e9s.<\/p>\n<\/div>\n<\/div>\n<div class=\"yj6qo ajU\">\n<div id=\":u0\" class=\"ajR\" tabindex=\"0\" data-blogger-escaped-data-tooltip=\"Afficher le contenu abr\u00e9g\u00e9\" data-blogger-escaped-role=\"button\">\n<p><img data-recalc-dims=\"1\" decoding=\"async\" class=\"ajT\" src=\"https:\/\/i0.wp.com\/ssl.gstatic.com\/ui\/v1\/icons\/mail\/images\/cleardot.gif?w=980&#038;ssl=1\" alt=\"\" \/><\/p>\n<\/div>\n<\/div>\n","protected":false},"excerpt":{"rendered":"<p>Pour 4 personnes Pr\u00e9paration: env. 20 min Cuisson: env. 20 min 1 oignon, hach\u00e9 1 gousse d\u2019ail, press\u00e9e beurre pour faire suer 350 g de riz pour risotto (Carnaroli, p. ex.) 1 chou fris\u00e9 d\u2019env. 500 g, par\u00e9, coup\u00e9 en lani\u00e8res de 5 mm de large 1 dl de vin blanc ou de bouillon 7-9 [&hellip;]<\/p>\n","protected":false},"author":1,"featured_media":0,"comment_status":"closed","ping_status":"open","sticky":false,"template":"","format":"standard","meta":{"jetpack_post_was_ever_published":false,"footnotes":"","jetpack_publicize_message":"","jetpack_publicize_feature_enabled":true,"jetpack_social_post_already_shared":true,"jetpack_social_options":{"image_generator_settings":{"template":"highway","default_image_id":0,"font":"","enabled":false},"version":2}},"categories":[8],"tags":[],"class_list":["post-31","post","type-post","status-publish","format-standard","hentry","category-recette"],"jetpack_publicize_connections":[],"jetpack_featured_media_url":"","jetpack_sharing_enabled":true,"jetpack_shortlink":"https:\/\/wp.me\/p7ci6X-v","jetpack-related-posts":[{"id":5132,"url":"https:\/\/jardindeplumes.fr\/wp\/2019\/11\/20\/poule-au-pot\/","url_meta":{"origin":31,"position":0},"title":"Poule au pot !","author":"Olivier","date":"20 novembre 2019","format":false,"excerpt":"Bonjour \u00e0 tous, C'est de saison : la poule au pot fait son retour ! Elle sera disponible jusqu'aux f\u00eates de fin d'ann\u00e9e !Sur commande ou non !Et toujours 14 jours de garde au frigo ! Si vous avez une cocotte minute, il ne vous faudra que 30 minutes de\u2026","rel":"","context":"Dans &quot;Jardin&quot;","block_context":{"text":"Jardin","link":"https:\/\/jardindeplumes.fr\/wp\/category\/jardin\/"},"img":{"alt_text":"","src":"https:\/\/i0.wp.com\/jardindeplumes.fr\/wp\/wp-content\/uploads\/2019\/10\/IMG_20191025_110010497_HDR.jpg?resize=350%2C200","width":350,"height":200,"srcset":"https:\/\/i0.wp.com\/jardindeplumes.fr\/wp\/wp-content\/uploads\/2019\/10\/IMG_20191025_110010497_HDR.jpg?resize=350%2C200 1x, https:\/\/i0.wp.com\/jardindeplumes.fr\/wp\/wp-content\/uploads\/2019\/10\/IMG_20191025_110010497_HDR.jpg?resize=525%2C300 1.5x, https:\/\/i0.wp.com\/jardindeplumes.fr\/wp\/wp-content\/uploads\/2019\/10\/IMG_20191025_110010497_HDR.jpg?resize=700%2C400 2x, https:\/\/i0.wp.com\/jardindeplumes.fr\/wp\/wp-content\/uploads\/2019\/10\/IMG_20191025_110010497_HDR.jpg?resize=1050%2C600 3x, https:\/\/i0.wp.com\/jardindeplumes.fr\/wp\/wp-content\/uploads\/2019\/10\/IMG_20191025_110010497_HDR.jpg?resize=1400%2C800 4x"},"classes":[]},{"id":9348,"url":"https:\/\/jardindeplumes.fr\/wp\/2022\/10\/10\/transition-automnale\/","url_meta":{"origin":31,"position":1},"title":"Transition automnale&#8230;","author":"Olivier","date":"10 octobre 2022","format":false,"excerpt":"Bonjour \u00e0 tous, Pour cette semaine, le Jardin de Plumes vous propose de faire la transition des l\u00e9gumes d'\u00e9t\u00e9 vers ceux d'automne... Donc cela donne : - d\u00e9part progressif mais encore pr\u00e9sents : tomates, past\u00e8ques, haricots verts et courgettes- retour des salades !- arriv\u00e9e automnale : radis rouge, poireau, courges\u2026","rel":"","context":"Dans &quot;Jardin&quot;","block_context":{"text":"Jardin","link":"https:\/\/jardindeplumes.fr\/wp\/category\/jardin\/"},"img":{"alt_text":"","src":"","width":0,"height":0},"classes":[]},{"id":2714,"url":"https:\/\/jardindeplumes.fr\/wp\/2018\/03\/18\/commande-groupee-de-serres-edition-printemps-2018\/","url_meta":{"origin":31,"position":2},"title":"Commande group\u00e9e de serres , \u00e9dition printemps 2018 !!","author":"Olivier","date":"18 mars 2018","format":false,"excerpt":"Bonjour \u00e0 tous, Le printemps revient m\u00eame si... on se pose encore quelques questions... Bref, l'activit\u00e9 du jardin reprend, en terme de semis et de plantations. Pour ceux qui voudraient profiter d'une commande group\u00e9e pour des serres du m\u00eame type que celles de mon jardin, je vous invite \u00e0 vous\u2026","rel":"","context":"Dans &quot;Jardin&quot;","block_context":{"text":"Jardin","link":"https:\/\/jardindeplumes.fr\/wp\/category\/jardin\/"},"img":{"alt_text":"","src":"https:\/\/i0.wp.com\/jardindeplumes.fr\/wp\/wp-content\/uploads\/2017\/03\/schema_serre-212x300.jpg?resize=350%2C200&ssl=1","width":350,"height":200},"classes":[]},{"id":1229,"url":"https:\/\/jardindeplumes.fr\/wp\/2017\/03\/06\/commande-groupee-de-serres\/","url_meta":{"origin":31,"position":3},"title":"Commande group\u00e9e de serres","author":"Olivier","date":"6 mars 2017","format":false,"excerpt":"Bonjour \u00e0 tous, Vous \u00eates plusieurs \u00e0 m'avoir sollicit\u00e9 sur l'origine de mes serres. Ayant r\u00e9fl\u00e9chi le mod\u00e8le et test\u00e9 depuis 2 ans plusieurs versions, je pense que je suis arriv\u00e9 \u00e0 une version \u00e0 peu pr\u00e8s stable, fonctionnelle et r\u00e9sistante. Le plan de base des serres est le suivant\u2026","rel":"","context":"Dans &quot;Jardin&quot;","block_context":{"text":"Jardin","link":"https:\/\/jardindeplumes.fr\/wp\/category\/jardin\/"},"img":{"alt_text":"","src":"https:\/\/i0.wp.com\/jardindeplumes.fr\/wp\/wp-content\/uploads\/2017\/03\/schema_serre-212x300.jpg?resize=350%2C200&ssl=1","width":350,"height":200},"classes":[]},{"id":2615,"url":"https:\/\/jardindeplumes.fr\/wp\/2018\/02\/27\/a-vos-gateaux\/","url_meta":{"origin":31,"position":4},"title":"A vos g\u00e2teaux !!","author":"Olivier","date":"27 f\u00e9vrier 2018","format":false,"excerpt":"Bonjour \u00e0 tous, En ce jour de grand froid le jardin vit au ralenti... cependant... Les poules sont reparties \u00e0 fond dans la ponte : 75 \u0153ufs hier !! Alors n'h\u00e9sitez pas \u00e0 faire des heureux avec des \u0153ufs frais fermiers autour de vous ! Faites des g\u00e2teaux, je me\u2026","rel":"","context":"Dans &quot;Jardin&quot;","block_context":{"text":"Jardin","link":"https:\/\/jardindeplumes.fr\/wp\/category\/jardin\/"},"img":{"alt_text":"","src":"https:\/\/i0.wp.com\/jardindeplumes.fr\/wp\/wp-content\/uploads\/2018\/02\/FullSizeRender-288x300.jpg?resize=350%2C200&ssl=1","width":350,"height":200},"classes":[]},{"id":2891,"url":"https:\/\/jardindeplumes.fr\/wp\/2018\/05\/04\/roulade-de-scarole-cuite\/","url_meta":{"origin":31,"position":5},"title":"Roulades de scarole cuite","author":"Olivier","date":"4 mai 2018","format":false,"excerpt":"Pour 4 personnes 1 scarole 8 tranches de jambon cru ou cuit Ail, sel, poivre, thym et\/ou tout \u00e9pice \u00e0 votre go\u00fbt 1- Faites cuire votre scarole \u00e0 la cocotte minute pendant 10 min 2- Passez la scarole cuite \u00e0 la po\u00eale avec les assaisonnements qui vont bien... et une\u2026","rel":"","context":"Dans &quot;Recette&quot;","block_context":{"text":"Recette","link":"https:\/\/jardindeplumes.fr\/wp\/category\/recette\/"},"img":{"alt_text":"","src":"","width":0,"height":0},"classes":[]}],"_links":{"self":[{"href":"https:\/\/jardindeplumes.fr\/wp\/wp-json\/wp\/v2\/posts\/31","targetHints":{"allow":["GET"]}}],"collection":[{"href":"https:\/\/jardindeplumes.fr\/wp\/wp-json\/wp\/v2\/posts"}],"about":[{"href":"https:\/\/jardindeplumes.fr\/wp\/wp-json\/wp\/v2\/types\/post"}],"author":[{"embeddable":true,"href":"https:\/\/jardindeplumes.fr\/wp\/wp-json\/wp\/v2\/users\/1"}],"replies":[{"embeddable":true,"href":"https:\/\/jardindeplumes.fr\/wp\/wp-json\/wp\/v2\/comments?post=31"}],"version-history":[{"count":3,"href":"https:\/\/jardindeplumes.fr\/wp\/wp-json\/wp\/v2\/posts\/31\/revisions"}],"predecessor-version":[{"id":35,"href":"https:\/\/jardindeplumes.fr\/wp\/wp-json\/wp\/v2\/posts\/31\/revisions\/35"}],"wp:attachment":[{"href":"https:\/\/jardindeplumes.fr\/wp\/wp-json\/wp\/v2\/media?parent=31"}],"wp:term":[{"taxonomy":"category","embeddable":true,"href":"https:\/\/jardindeplumes.fr\/wp\/wp-json\/wp\/v2\/categories?post=31"},{"taxonomy":"post_tag","embeddable":true,"href":"https:\/\/jardindeplumes.fr\/wp\/wp-json\/wp\/v2\/tags?post=31"}],"curies":[{"name":"wp","href":"https:\/\/api.w.org\/{rel}","templated":true}]}}