{"id":1511,"date":"2017-05-09T13:00:21","date_gmt":"2017-05-09T11:00:21","guid":{"rendered":"http:\/\/jardindeplumes.fr\/wp\/?p=1511"},"modified":"2017-05-09T13:00:21","modified_gmt":"2017-05-09T11:00:21","slug":"bon-courage-a-ceux-qui-sont-au-bureau","status":"publish","type":"post","link":"https:\/\/jardindeplumes.fr\/wp\/2017\/05\/09\/bon-courage-a-ceux-qui-sont-au-bureau\/","title":{"rendered":"Bon courage \u00e0 ceux qui sont au bureau&#8230;"},"content":{"rendered":"<p>Salut \u00e0 tous,<\/p>\n<p>Elles arrivent, en quantit\u00e9 limit\u00e9e pour commencer&#8230; Et je ne me prive pas de les d\u00e9guster pour vous dire si elles sont bonnes&#8230;<\/p>\n<p>Quand elles sont chaudes du soleil&#8230; OUAH !!!<\/p>\n<p>Je sais pourquoi je suis dehors aujourd&#8217;hui.<\/p>\n<p>\u00c0 bient\u00f4t<\/p>\n<p><a href=\"https:\/\/i0.wp.com\/jardindeplumes.fr\/wp\/wp-content\/uploads\/2017\/05\/IMG_20170509_121155796.jpg?ssl=1\"><img data-recalc-dims=\"1\" loading=\"lazy\" decoding=\"async\" data-attachment-id=\"1510\" data-permalink=\"https:\/\/jardindeplumes.fr\/wp\/2017\/05\/09\/bon-courage-a-ceux-qui-sont-au-bureau\/img_20170509_121155796-jpg\/\" data-orig-file=\"https:\/\/i0.wp.com\/jardindeplumes.fr\/wp\/wp-content\/uploads\/2017\/05\/IMG_20170509_121155796.jpg?fit=4160%2C3120&amp;ssl=1\" data-orig-size=\"4160,3120\" data-comments-opened=\"0\" data-image-meta=\"{&quot;aperture&quot;:&quot;2&quot;,&quot;credit&quot;:&quot;&quot;,&quot;camera&quot;:&quot;MotoG3&quot;,&quot;caption&quot;:&quot;&quot;,&quot;created_timestamp&quot;:&quot;1494331916&quot;,&quot;copyright&quot;:&quot;&quot;,&quot;focal_length&quot;:&quot;3.64&quot;,&quot;iso&quot;:&quot;50&quot;,&quot;shutter_speed&quot;:&quot;0.00832&quot;,&quot;title&quot;:&quot;&quot;,&quot;orientation&quot;:&quot;0&quot;}\" data-image-title=\"IMG_20170509_121155796.jpg\" data-image-description=\"\" data-image-caption=\"\" data-large-file=\"https:\/\/i0.wp.com\/jardindeplumes.fr\/wp\/wp-content\/uploads\/2017\/05\/IMG_20170509_121155796.jpg?fit=980%2C735&amp;ssl=1\" src=\"https:\/\/i0.wp.com\/jardindeplumes.fr\/wp\/wp-content\/uploads\/2017\/05\/IMG_20170509_121155796.jpg?resize=980%2C735&#038;ssl=1\" alt=\"\" class=\"wp-image-1510 alignnone size-full\" width=\"980\" height=\"735\" srcset=\"https:\/\/i0.wp.com\/jardindeplumes.fr\/wp\/wp-content\/uploads\/2017\/05\/IMG_20170509_121155796.jpg?w=4160&amp;ssl=1 4160w, https:\/\/i0.wp.com\/jardindeplumes.fr\/wp\/wp-content\/uploads\/2017\/05\/IMG_20170509_121155796.jpg?resize=300%2C225&amp;ssl=1 300w, https:\/\/i0.wp.com\/jardindeplumes.fr\/wp\/wp-content\/uploads\/2017\/05\/IMG_20170509_121155796.jpg?resize=768%2C576&amp;ssl=1 768w, https:\/\/i0.wp.com\/jardindeplumes.fr\/wp\/wp-content\/uploads\/2017\/05\/IMG_20170509_121155796.jpg?resize=1024%2C768&amp;ssl=1 1024w, https:\/\/i0.wp.com\/jardindeplumes.fr\/wp\/wp-content\/uploads\/2017\/05\/IMG_20170509_121155796.jpg?resize=600%2C450&amp;ssl=1 600w, https:\/\/i0.wp.com\/jardindeplumes.fr\/wp\/wp-content\/uploads\/2017\/05\/IMG_20170509_121155796.jpg?w=1960&amp;ssl=1 1960w, https:\/\/i0.wp.com\/jardindeplumes.fr\/wp\/wp-content\/uploads\/2017\/05\/IMG_20170509_121155796.jpg?w=2940&amp;ssl=1 2940w\" sizes=\"auto, (max-width: 980px) 100vw, 980px\" \/><\/a><\/p>\n","protected":false},"excerpt":{"rendered":"<p>Salut \u00e0 tous, Elles arrivent, en quantit\u00e9 limit\u00e9e pour commencer&#8230; Et je ne me prive pas de les d\u00e9guster pour vous dire si elles sont bonnes&#8230; Quand elles sont chaudes du soleil&#8230; OUAH !!! Je sais pourquoi je suis dehors aujourd&#8217;hui. \u00c0 bient\u00f4t<\/p>\n","protected":false},"author":1,"featured_media":0,"comment_status":"closed","ping_status":"open","sticky":false,"template":"","format":"standard","meta":{"jetpack_post_was_ever_published":false,"footnotes":"","jetpack_publicize_message":"","jetpack_publicize_feature_enabled":true,"jetpack_social_post_already_shared":true,"jetpack_social_options":{"image_generator_settings":{"template":"highway","default_image_id":0,"font":"","enabled":false},"version":2}},"categories":[7],"tags":[],"class_list":["post-1511","post","type-post","status-publish","format-standard","hentry","category-jardin"],"jetpack_publicize_connections":[],"jetpack_featured_media_url":"","jetpack_sharing_enabled":true,"jetpack_shortlink":"https:\/\/wp.me\/p7ci6X-on","jetpack-related-posts":[{"id":449,"url":"https:\/\/jardindeplumes.fr\/wp\/2016\/06\/21\/chasseurs-de-limaces\/","url_meta":{"origin":1511,"position":0},"title":"Chasseurs de limaces","author":"Olivier","date":"21 juin 2016","format":false,"excerpt":"Voici un de vos alli\u00e9s pour la r\u00e9gulation des limaces...le carabe des champs. Et pour avancer (dans sa t\u00eate...) sur les limaces, vous pouvez \u00e9couter deux messieurs : 1- Konrad Shreiber et ses essais en cultures sous couverts qui dit qu'il faut les nourrir pour qu'elles vous laisse tranquille. D'o\u00f9\u2026","rel":"","context":"Dans &quot;Jardin&quot;","block_context":{"text":"Jardin","link":"https:\/\/jardindeplumes.fr\/wp\/category\/jardin\/"},"img":{"alt_text":"carabe_des_champs","src":"https:\/\/i0.wp.com\/jardindeplumes.fr\/wp\/wp-content\/uploads\/2016\/06\/carabe_des_champs-e1466512560191-300x253.jpg?resize=350%2C200&ssl=1","width":350,"height":200},"classes":[]},{"id":2085,"url":"https:\/\/jardindeplumes.fr\/wp\/2017\/09\/22\/vente-flash-de-framboises\/","url_meta":{"origin":1511,"position":1},"title":"Vente flash de framboises !!!","author":"Olivier","date":"22 septembre 2017","format":false,"excerpt":"Eh bien tout est dans le titre... et dans l'image ci-dessous ! Elles sont arriv\u00e9es ce soir et seront encore l\u00e0 demain. Elles sont produites sur les coteaux d'Aubertin. Martine cultive sans pesticide ni engrais chimique. Vous pourrez aussi profiter de ses confitures de diff\u00e9rentes saveurs : cassis, groseille, framboise,\u2026","rel":"","context":"Dans &quot;Jardin&quot;","block_context":{"text":"Jardin","link":"https:\/\/jardindeplumes.fr\/wp\/category\/jardin\/"},"img":{"alt_text":"","src":"https:\/\/i0.wp.com\/jardindeplumes.fr\/wp\/wp-content\/uploads\/2017\/09\/IMG_20170922_181053302-225x300.jpg?resize=350%2C200&ssl=1","width":350,"height":200},"classes":[]},{"id":2456,"url":"https:\/\/jardindeplumes.fr\/wp\/2018\/01\/13\/appel-a-participation\/","url_meta":{"origin":1511,"position":2},"title":"Appel \u00e0 participation !","author":"Olivier","date":"13 janvier 2018","format":false,"excerpt":"Salut tout le monde, Bonne ann\u00e9e pour commencer ! Le Jardin de Plumes red\u00e9marre doucement l'ann\u00e9e mais s\u00fbrement. Rayon Volailles : - les jours rallongent d\u00e9j\u00e0 et la mue des poules \u00e9tant termin\u00e9e, nous sommes pass\u00e9s de 30 oeufs\/semaine \u00e0 presque 100 cette semaine ! + ceux que j'ai mis\u2026","rel":"","context":"Dans &quot;Jardin&quot;","block_context":{"text":"Jardin","link":"https:\/\/jardindeplumes.fr\/wp\/category\/jardin\/"},"img":{"alt_text":"","src":"https:\/\/i0.wp.com\/jardindeplumes.fr\/wp\/wp-content\/uploads\/2018\/01\/IMG_20180109_082923030_HDR-300x225.jpg?resize=350%2C200&ssl=1","width":350,"height":200},"classes":[]},{"id":10029,"url":"https:\/\/jardindeplumes.fr\/wp\/2024\/11\/21\/debut-de-planification-2025\/","url_meta":{"origin":1511,"position":3},"title":"D\u00e9but de planification 2025","author":"Olivier","date":"21 novembre 2024","format":false,"excerpt":"Bonjour \u00e0 tous, Les actualit\u00e9s de la semaine au jardin Cette semaine, le Jardin de Plumes a continu\u00e9 \u00e0 s'installer en mode hiver... On a remis le n\u00e9 dans la planification des plus de 260 s\u00e9ries de cultures pour la saison 2025. Je vous donne quelques infos ou pas... Bon\u2026","rel":"","context":"Dans &quot;Jardin&quot;","block_context":{"text":"Jardin","link":"https:\/\/jardindeplumes.fr\/wp\/category\/jardin\/"},"img":{"alt_text":"","src":"https:\/\/i0.wp.com\/jardindeplumes.fr\/wp\/wp-content\/uploads\/2024\/11\/image.png?resize=350%2C200&ssl=1","width":350,"height":200,"srcset":"https:\/\/i0.wp.com\/jardindeplumes.fr\/wp\/wp-content\/uploads\/2024\/11\/image.png?resize=350%2C200&ssl=1 1x, https:\/\/i0.wp.com\/jardindeplumes.fr\/wp\/wp-content\/uploads\/2024\/11\/image.png?resize=525%2C300&ssl=1 1.5x, https:\/\/i0.wp.com\/jardindeplumes.fr\/wp\/wp-content\/uploads\/2024\/11\/image.png?resize=700%2C400&ssl=1 2x, https:\/\/i0.wp.com\/jardindeplumes.fr\/wp\/wp-content\/uploads\/2024\/11\/image.png?resize=1050%2C600&ssl=1 3x"},"classes":[]},{"id":6269,"url":"https:\/\/jardindeplumes.fr\/wp\/2020\/07\/09\/voila-lete-toujours-lete-encore-lete\/","url_meta":{"origin":1511,"position":4},"title":"Voil\u00e0 l&#8217;\u00e9t\u00e9, toujours l&#8217;\u00e9t\u00e9, encore l&#8217;\u00e9t\u00e9&#8230;","author":"Olivier","date":"9 juillet 2020","format":false,"excerpt":"Bonjour \u00e0 tous, Petit message en deux parties... L\u00e9gumes d'\u00e9t\u00e9 Nous attendions les temp\u00e9ratures d'\u00e9t\u00e9 avec une certaine impatience et les voil\u00e0 \"install\u00e9es\" depuis 2 semaines DONC... le jardin a r\u00e9agi ! Les reines du potagers sont de sortie (vous savez qui elles sont bien s\u00fbr ! Mais si !\u2026","rel":"","context":"Dans &quot;Jardin&quot;","block_context":{"text":"Jardin","link":"https:\/\/jardindeplumes.fr\/wp\/category\/jardin\/"},"img":{"alt_text":"","src":"https:\/\/i0.wp.com\/jardindeplumes.fr\/wp\/wp-content\/uploads\/transfert_jardin\/IMG-20200707-WA0006.jpg?resize=350%2C200&ssl=1","width":350,"height":200,"srcset":"https:\/\/i0.wp.com\/jardindeplumes.fr\/wp\/wp-content\/uploads\/transfert_jardin\/IMG-20200707-WA0006.jpg?resize=350%2C200&ssl=1 1x, https:\/\/i0.wp.com\/jardindeplumes.fr\/wp\/wp-content\/uploads\/transfert_jardin\/IMG-20200707-WA0006.jpg?resize=525%2C300&ssl=1 1.5x, https:\/\/i0.wp.com\/jardindeplumes.fr\/wp\/wp-content\/uploads\/transfert_jardin\/IMG-20200707-WA0006.jpg?resize=700%2C400&ssl=1 2x"},"classes":[]},{"id":9219,"url":"https:\/\/jardindeplumes.fr\/wp\/2022\/08\/22\/conservez-lete\/","url_meta":{"origin":1511,"position":5},"title":"Conservez l&#8217;\u00e9t\u00e9 !","author":"Olivier","date":"22 ao\u00fbt 2022","format":false,"excerpt":"Bonjour \u00e0 tous, Cette semaine, quelques l\u00e9gumes se font forts de vous offrir le meilleur d'eux m\u00eame pour que vous les mettiez en bo\u00eetes : - commen\u00e7ons par les haricots verts que vous pourrez mettre en pot en entier ou en morceaux de 2-3 cm, couvert d'eau et pass\u00e9s 45\u2026","rel":"","context":"Dans &quot;Jardin&quot;","block_context":{"text":"Jardin","link":"https:\/\/jardindeplumes.fr\/wp\/category\/jardin\/"},"img":{"alt_text":"","src":"","width":0,"height":0},"classes":[]}],"_links":{"self":[{"href":"https:\/\/jardindeplumes.fr\/wp\/wp-json\/wp\/v2\/posts\/1511","targetHints":{"allow":["GET"]}}],"collection":[{"href":"https:\/\/jardindeplumes.fr\/wp\/wp-json\/wp\/v2\/posts"}],"about":[{"href":"https:\/\/jardindeplumes.fr\/wp\/wp-json\/wp\/v2\/types\/post"}],"author":[{"embeddable":true,"href":"https:\/\/jardindeplumes.fr\/wp\/wp-json\/wp\/v2\/users\/1"}],"replies":[{"embeddable":true,"href":"https:\/\/jardindeplumes.fr\/wp\/wp-json\/wp\/v2\/comments?post=1511"}],"version-history":[{"count":1,"href":"https:\/\/jardindeplumes.fr\/wp\/wp-json\/wp\/v2\/posts\/1511\/revisions"}],"predecessor-version":[{"id":1512,"href":"https:\/\/jardindeplumes.fr\/wp\/wp-json\/wp\/v2\/posts\/1511\/revisions\/1512"}],"wp:attachment":[{"href":"https:\/\/jardindeplumes.fr\/wp\/wp-json\/wp\/v2\/media?parent=1511"}],"wp:term":[{"taxonomy":"category","embeddable":true,"href":"https:\/\/jardindeplumes.fr\/wp\/wp-json\/wp\/v2\/categories?post=1511"},{"taxonomy":"post_tag","embeddable":true,"href":"https:\/\/jardindeplumes.fr\/wp\/wp-json\/wp\/v2\/tags?post=1511"}],"curies":[{"name":"wp","href":"https:\/\/api.w.org\/{rel}","templated":true}]}}