{"id":10022,"date":"2024-11-06T21:36:59","date_gmt":"2024-11-06T20:36:59","guid":{"rendered":"https:\/\/jardindeplumes.fr\/wp\/?p=10022"},"modified":"2024-11-06T21:37:01","modified_gmt":"2024-11-06T20:37:01","slug":"vive-les-haies","status":"publish","type":"post","link":"https:\/\/jardindeplumes.fr\/wp\/2024\/11\/06\/vive-les-haies\/","title":{"rendered":"Vive les haies !"},"content":{"rendered":"\n<p>Bonjour \u00e0 tous,<\/p>\n\n\n\n<h2 class=\"wp-block-heading\">Les actualit\u00e9s de la semaine au jardin<\/h2>\n\n\n\n<p>Cette semaine, le Jardin de Plumes a d\u00e9but\u00e9 la mise en place de futures haies (environ 400m) pour structurer l&#8217;espace de p\u00e2turage et peut-\u00eatre de l&#8217;extension du verger&#8230; Pour cela, nous sommes all\u00e9s r\u00e9cup\u00e9rer de la laine de mouton (enfin de brebis surtout !) pour pr\u00e9parer le futur paillage de ces lin\u00e9aires. Petit probl\u00e8me math\u00e9matique : sachant que chaque arbre sera plant\u00e9 tout les 80 cm, qu&#8217;il faut une toison pour prot\u00e9ger 1 arbre, combien de brebis dois je tondre ? Sachant qu&#8217;il y a d\u00e9j\u00e0 500 toisons au jardin, aurons  nous suffisamment de toisons  ?<br>Je r\u00e9colte, en bon mara\u00eecher, les r\u00e9ponses lors de votre venue&#8230;<\/p>\n\n\n\n<p>Nous avons donc plant\u00e9 quelques poteaux de cl\u00f4ture, de la m\u00e2che, des \u00e9pinards, des salades.<\/p>\n\n\n\n<p>Nous avons sem\u00e9 des salades, du mesclun asiatique, de la roquette et encore des oignons \ud83d\ude09<\/p>\n\n\n\n<h2 class=\"wp-block-heading\">Les l\u00e9gumes de la semaine<\/h2>\n\n\n\n<p>La roquette et le mesclun viennent pimenter vos salades, voire les constituer enti\u00e8rement puisque les salades font encore les timides.<\/p>\n\n\n\n<p>Le poireau est tendre et allong\u00e9, m\u00eame le vert !!<\/p>\n\n\n\n<p>L&#8217;\u00e9t\u00e9 insiste avec des courgettes et des poivrons\/piments doux.<\/p>\n\n\n\n<p>Vous trouverez en base de panier : pommes de terre, patates douces, betteraves rouges, potimarrons et cie, radis botte, blettes blanches, jaunes et rouges, chou rave et radis d&#8217;hiver et navets.<\/p>\n\n\n\n<h2 class=\"wp-block-heading\">La photo de la semaine : Route du Salars \u00e0 Aydius<\/h2>\n\n\n<div class=\"wp-block-image\">\n<figure class=\"aligncenter size-large\"><img data-recalc-dims=\"1\" loading=\"lazy\" decoding=\"async\" width=\"980\" height=\"733\" data-attachment-id=\"10023\" data-permalink=\"https:\/\/jardindeplumes.fr\/wp\/2024\/11\/06\/vive-les-haies\/img_20241104_105127684\/\" data-orig-file=\"https:\/\/i0.wp.com\/jardindeplumes.fr\/wp\/wp-content\/uploads\/2024\/11\/IMG_20241104_105127684-scaled.jpg?fit=2560%2C1916&amp;ssl=1\" data-orig-size=\"2560,1916\" data-comments-opened=\"0\" data-image-meta=\"{&quot;aperture&quot;:&quot;1.8&quot;,&quot;credit&quot;:&quot;&quot;,&quot;camera&quot;:&quot;moto g(9) plus&quot;,&quot;caption&quot;:&quot;&quot;,&quot;created_timestamp&quot;:&quot;1730717488&quot;,&quot;copyright&quot;:&quot;&quot;,&quot;focal_length&quot;:&quot;5.53&quot;,&quot;iso&quot;:&quot;100&quot;,&quot;shutter_speed&quot;:&quot;0.0028901734104046&quot;,&quot;title&quot;:&quot;&quot;,&quot;orientation&quot;:&quot;1&quot;}\" data-image-title=\"IMG_20241104_105127684\" data-image-description=\"\" data-image-caption=\"\" data-large-file=\"https:\/\/i0.wp.com\/jardindeplumes.fr\/wp\/wp-content\/uploads\/2024\/11\/IMG_20241104_105127684-scaled.jpg?fit=980%2C733&amp;ssl=1\" src=\"https:\/\/i0.wp.com\/jardindeplumes.fr\/wp\/wp-content\/uploads\/2024\/11\/IMG_20241104_105127684.jpg?resize=980%2C733&#038;ssl=1\" alt=\"\" class=\"wp-image-10023\" srcset=\"https:\/\/i0.wp.com\/jardindeplumes.fr\/wp\/wp-content\/uploads\/2024\/11\/IMG_20241104_105127684-scaled.jpg?resize=1024%2C766&amp;ssl=1 1024w, https:\/\/i0.wp.com\/jardindeplumes.fr\/wp\/wp-content\/uploads\/2024\/11\/IMG_20241104_105127684-scaled.jpg?resize=300%2C224&amp;ssl=1 300w, https:\/\/i0.wp.com\/jardindeplumes.fr\/wp\/wp-content\/uploads\/2024\/11\/IMG_20241104_105127684-scaled.jpg?resize=768%2C575&amp;ssl=1 768w, https:\/\/i0.wp.com\/jardindeplumes.fr\/wp\/wp-content\/uploads\/2024\/11\/IMG_20241104_105127684-scaled.jpg?resize=1536%2C1149&amp;ssl=1 1536w, https:\/\/i0.wp.com\/jardindeplumes.fr\/wp\/wp-content\/uploads\/2024\/11\/IMG_20241104_105127684-scaled.jpg?resize=2048%2C1532&amp;ssl=1 2048w, https:\/\/i0.wp.com\/jardindeplumes.fr\/wp\/wp-content\/uploads\/2024\/11\/IMG_20241104_105127684-scaled.jpg?resize=1320%2C988&amp;ssl=1 1320w, https:\/\/i0.wp.com\/jardindeplumes.fr\/wp\/wp-content\/uploads\/2024\/11\/IMG_20241104_105127684-scaled.jpg?resize=530%2C397&amp;ssl=1 530w, https:\/\/i0.wp.com\/jardindeplumes.fr\/wp\/wp-content\/uploads\/2024\/11\/IMG_20241104_105127684-scaled.jpg?w=1960&amp;ssl=1 1960w\" sizes=\"auto, (max-width: 980px) 100vw, 980px\" \/><\/figure>\n<\/div>\n\n\n<p>A tr\u00e8s vite au jardin ou sur le march\u00e9 de Gan !<\/p>\n\n\n\n<p><a href=\"https:\/\/jardindeplumes.fr\/wp\/venir-au-jardin-de-plumes-quand-ou\/\" data-type=\"page\" data-id=\"474\">Venir au Jardin de Plumes, Quand \/ O\u00f9 ??<\/a><\/p>\n","protected":false},"excerpt":{"rendered":"<p>Bonjour \u00e0 tous, Les actualit\u00e9s de la semaine au jardin Cette semaine, le Jardin de Plumes a d\u00e9but\u00e9 la mise en place de futures haies (environ 400m) pour structurer l&#8217;espace de p\u00e2turage et peut-\u00eatre de l&#8217;extension du verger&#8230; Pour cela, nous sommes all\u00e9s r\u00e9cup\u00e9rer de la laine de mouton (enfin de brebis surtout !) pour [&hellip;]<\/p>\n","protected":false},"author":1,"featured_media":0,"comment_status":"closed","ping_status":"open","sticky":false,"template":"","format":"standard","meta":{"jetpack_post_was_ever_published":false,"footnotes":"","jetpack_publicize_message":"","jetpack_publicize_feature_enabled":true,"jetpack_social_post_already_shared":true,"jetpack_social_options":{"image_generator_settings":{"template":"highway","default_image_id":0,"font":"","enabled":false},"version":2}},"categories":[7],"tags":[],"class_list":["post-10022","post","type-post","status-publish","format-standard","hentry","category-jardin"],"jetpack_publicize_connections":[],"jetpack_featured_media_url":"","jetpack_sharing_enabled":true,"jetpack_shortlink":"https:\/\/wp.me\/p7ci6X-2BE","jetpack-related-posts":[{"id":10006,"url":"https:\/\/jardindeplumes.fr\/wp\/2024\/10\/16\/lautomne-est-arrivee\/","url_meta":{"origin":10022,"position":0},"title":"L&#8217;automne est arriv\u00e9e !","author":"Olivier","date":"16 octobre 2024","format":false,"excerpt":"Bonjour \u00e0 tous, L'automne est une p\u00e9riode qui signe le ralentissement du vivant dans nos pays temp\u00e9r\u00e9s !Et \u00e7a tombe bien, j'en suis un de vivant, connect\u00e9 tous les jours \u00e0 d'autres vivants, donc je ralentis !!!Ce qui ne signifie pas que le jardin se vide ou qu'il ne s'y\u2026","rel":"","context":"Dans &quot;Jardin&quot;","block_context":{"text":"Jardin","link":"https:\/\/jardindeplumes.fr\/wp\/category\/jardin\/"},"img":{"alt_text":"","src":"https:\/\/i0.wp.com\/jardindeplumes.fr\/wp\/wp-content\/uploads\/2024\/10\/img_20241014_153941734_hdr5288417333005446447.jpg?resize=350%2C200&ssl=1","width":350,"height":200,"srcset":"https:\/\/i0.wp.com\/jardindeplumes.fr\/wp\/wp-content\/uploads\/2024\/10\/img_20241014_153941734_hdr5288417333005446447.jpg?resize=350%2C200&ssl=1 1x, https:\/\/i0.wp.com\/jardindeplumes.fr\/wp\/wp-content\/uploads\/2024\/10\/img_20241014_153941734_hdr5288417333005446447.jpg?resize=525%2C300&ssl=1 1.5x, https:\/\/i0.wp.com\/jardindeplumes.fr\/wp\/wp-content\/uploads\/2024\/10\/img_20241014_153941734_hdr5288417333005446447.jpg?resize=700%2C400&ssl=1 2x, https:\/\/i0.wp.com\/jardindeplumes.fr\/wp\/wp-content\/uploads\/2024\/10\/img_20241014_153941734_hdr5288417333005446447.jpg?resize=1050%2C600&ssl=1 3x"},"classes":[]},{"id":10045,"url":"https:\/\/jardindeplumes.fr\/wp\/2024\/12\/13\/le-jardin-prepare-le-printemps\/","url_meta":{"origin":10022,"position":1},"title":"Le Jardin pr\u00e9pare le printemps !","author":"Olivier","date":"13 d\u00e9cembre 2024","format":false,"excerpt":"Bonjour \u00e0 tous, Les actualit\u00e9s de la semaine au jardin Le Jardin prend soin de ses futurs plants et de ceux qui vont les \u00e9lever ! La serre p\u00e9pini\u00e8re s'agrandit pour pouvoir accueillir plus de plants de potag\u00e8res et les premiers arbres et arbustes (en test...). Aussi quand vous viendrait\u2026","rel":"","context":"Dans &quot;Jardin&quot;","block_context":{"text":"Jardin","link":"https:\/\/jardindeplumes.fr\/wp\/category\/jardin\/"},"img":{"alt_text":"","src":"https:\/\/i0.wp.com\/jardindeplumes.fr\/wp\/wp-content\/uploads\/2024\/12\/IMG-20241212-WA0007.jpg?resize=350%2C200","width":350,"height":200,"srcset":"https:\/\/i0.wp.com\/jardindeplumes.fr\/wp\/wp-content\/uploads\/2024\/12\/IMG-20241212-WA0007.jpg?resize=350%2C200 1x, https:\/\/i0.wp.com\/jardindeplumes.fr\/wp\/wp-content\/uploads\/2024\/12\/IMG-20241212-WA0007.jpg?resize=525%2C300 1.5x, https:\/\/i0.wp.com\/jardindeplumes.fr\/wp\/wp-content\/uploads\/2024\/12\/IMG-20241212-WA0007.jpg?resize=700%2C400 2x, https:\/\/i0.wp.com\/jardindeplumes.fr\/wp\/wp-content\/uploads\/2024\/12\/IMG-20241212-WA0007.jpg?resize=1050%2C600 3x, https:\/\/i0.wp.com\/jardindeplumes.fr\/wp\/wp-content\/uploads\/2024\/12\/IMG-20241212-WA0007.jpg?resize=1400%2C800 4x"},"classes":[]},{"id":10033,"url":"https:\/\/jardindeplumes.fr\/wp\/2024\/11\/28\/les-haies-meritent-bien-un-samedi\/","url_meta":{"origin":10022,"position":2},"title":"Les haies m\u00e9ritent bien un samedi !","author":"Olivier","date":"28 novembre 2024","format":false,"excerpt":"Bonjour \u00e0 tous, Les actualit\u00e9s de la semaine au jardin Cette semaine, le Jardin de Plumes a continu\u00e9 la plantation des piquets pour planter des haies. Avec Martin, le stagiaire en BPREA (vous vous souvenez ?), nous sommes all\u00e9s chercher les 300 premiers piquets d'acacia (faut que la cl\u00f4ture r\u00e9siste\u2026","rel":"","context":"Dans &quot;Jardin&quot;","block_context":{"text":"Jardin","link":"https:\/\/jardindeplumes.fr\/wp\/category\/jardin\/"},"img":{"alt_text":"","src":"https:\/\/i0.wp.com\/jardindeplumes.fr\/wp\/wp-content\/uploads\/2024\/11\/IMG_20241128_123016795_HDR-3-scaled.jpg?resize=350%2C200","width":350,"height":200,"srcset":"https:\/\/i0.wp.com\/jardindeplumes.fr\/wp\/wp-content\/uploads\/2024\/11\/IMG_20241128_123016795_HDR-3-scaled.jpg?resize=350%2C200 1x, https:\/\/i0.wp.com\/jardindeplumes.fr\/wp\/wp-content\/uploads\/2024\/11\/IMG_20241128_123016795_HDR-3-scaled.jpg?resize=525%2C300 1.5x, https:\/\/i0.wp.com\/jardindeplumes.fr\/wp\/wp-content\/uploads\/2024\/11\/IMG_20241128_123016795_HDR-3-scaled.jpg?resize=700%2C400 2x, https:\/\/i0.wp.com\/jardindeplumes.fr\/wp\/wp-content\/uploads\/2024\/11\/IMG_20241128_123016795_HDR-3-scaled.jpg?resize=1050%2C600 3x, https:\/\/i0.wp.com\/jardindeplumes.fr\/wp\/wp-content\/uploads\/2024\/11\/IMG_20241128_123016795_HDR-3-scaled.jpg?resize=1400%2C800 4x"},"classes":[]},{"id":10063,"url":"https:\/\/jardindeplumes.fr\/wp\/2025\/01\/31\/horaires-dhiver-le-samedi-cest-repit\/","url_meta":{"origin":10022,"position":3},"title":"Horaires d&#8217;hiver : le samedi c&#8217;est r\u00e9pit !","author":"Olivier","date":"31 janvier 2025","format":false,"excerpt":"Bonjour \u00e0 tous, J'ai pris un peu de retard sur les actualit\u00e9s dis donc !!! Les actualit\u00e9s de la semaine au jardin L'hiver est \u00e0 son z\u00e9nith ! Le jardin se vide et la diversit\u00e9 des l\u00e9gumes diminue pour mieux se pr\u00e9parer \u00e0 rena\u00eetre ! Ainsi, les nouveaux horaires se\u2026","rel":"","context":"Dans &quot;Jardin&quot;","block_context":{"text":"Jardin","link":"https:\/\/jardindeplumes.fr\/wp\/category\/jardin\/"},"img":{"alt_text":"","src":"https:\/\/i0.wp.com\/jardindeplumes.fr\/wp\/wp-content\/uploads\/2025\/01\/IMG_20250123_141643920_HDR-scaled.jpg?resize=350%2C200","width":350,"height":200,"srcset":"https:\/\/i0.wp.com\/jardindeplumes.fr\/wp\/wp-content\/uploads\/2025\/01\/IMG_20250123_141643920_HDR-scaled.jpg?resize=350%2C200 1x, https:\/\/i0.wp.com\/jardindeplumes.fr\/wp\/wp-content\/uploads\/2025\/01\/IMG_20250123_141643920_HDR-scaled.jpg?resize=525%2C300 1.5x, https:\/\/i0.wp.com\/jardindeplumes.fr\/wp\/wp-content\/uploads\/2025\/01\/IMG_20250123_141643920_HDR-scaled.jpg?resize=700%2C400 2x, https:\/\/i0.wp.com\/jardindeplumes.fr\/wp\/wp-content\/uploads\/2025\/01\/IMG_20250123_141643920_HDR-scaled.jpg?resize=1050%2C600 3x, https:\/\/i0.wp.com\/jardindeplumes.fr\/wp\/wp-content\/uploads\/2025\/01\/IMG_20250123_141643920_HDR-scaled.jpg?resize=1400%2C800 4x"},"classes":[]},{"id":10013,"url":"https:\/\/jardindeplumes.fr\/wp\/2024\/10\/24\/bienvenue-a-martin\/","url_meta":{"origin":10022,"position":4},"title":"Bienvenue \u00e0 Martin","author":"Olivier","date":"24 octobre 2024","format":false,"excerpt":"Bonjour \u00e0 tous, Les actualit\u00e9s de la semaine au jardin Cette semaine, le Jardin de Plumes accueille Martin qui est en stage dans le cadre d'un Brevet Professionnel de Responsable d'Exploitation Agricole. Il reviendra plusieurs fois dans l'ann\u00e9e pour d\u00e9couvrir les activit\u00e9s du jardin et le rythme des vivants qui\u2026","rel":"","context":"Dans &quot;Jardin&quot;","block_context":{"text":"Jardin","link":"https:\/\/jardindeplumes.fr\/wp\/category\/jardin\/"},"img":{"alt_text":"","src":"https:\/\/i0.wp.com\/jardindeplumes.fr\/wp\/wp-content\/uploads\/2024\/10\/IMG_20241024_143622477_HDR-scaled.jpg?resize=350%2C200&ssl=1","width":350,"height":200,"srcset":"https:\/\/i0.wp.com\/jardindeplumes.fr\/wp\/wp-content\/uploads\/2024\/10\/IMG_20241024_143622477_HDR-scaled.jpg?resize=350%2C200&ssl=1 1x, https:\/\/i0.wp.com\/jardindeplumes.fr\/wp\/wp-content\/uploads\/2024\/10\/IMG_20241024_143622477_HDR-scaled.jpg?resize=525%2C300&ssl=1 1.5x, https:\/\/i0.wp.com\/jardindeplumes.fr\/wp\/wp-content\/uploads\/2024\/10\/IMG_20241024_143622477_HDR-scaled.jpg?resize=700%2C400&ssl=1 2x, https:\/\/i0.wp.com\/jardindeplumes.fr\/wp\/wp-content\/uploads\/2024\/10\/IMG_20241024_143622477_HDR-scaled.jpg?resize=1050%2C600&ssl=1 3x, https:\/\/i0.wp.com\/jardindeplumes.fr\/wp\/wp-content\/uploads\/2024\/10\/IMG_20241024_143622477_HDR-scaled.jpg?resize=1400%2C800&ssl=1 4x"},"classes":[]},{"id":10079,"url":"https:\/\/jardindeplumes.fr\/wp\/2025\/05\/15\/en-mai-fait-ce-quil-te-plait-ou-ce-quil-pleut\/","url_meta":{"origin":10022,"position":5},"title":"En mai, fait ce qu&#8217;il te plait&#8230; ou ce qu&#8217;il pleut !","author":"Olivier","date":"15 mai 2025","format":false,"excerpt":"Bonjour \u00e0 tous, Les actualit\u00e9s de la semaine au jardin C'est le retour des ventes le vendredi sur le jardin ! Si la salade fraiche vous manque, n'h\u00e9sitez pas ! Aujourd'hui, nous avons eu la visite des coll\u00e8gues de Martin (qui est en stage !). Ils \u00e9taient 10. Donc on\u2026","rel":"","context":"Dans &quot;Jardin&quot;","block_context":{"text":"Jardin","link":"https:\/\/jardindeplumes.fr\/wp\/category\/jardin\/"},"img":{"alt_text":"","src":"https:\/\/i0.wp.com\/jardindeplumes.fr\/wp\/wp-content\/uploads\/2025\/05\/IMG_20250514_184848073_HDR-scaled.jpg?resize=350%2C200","width":350,"height":200,"srcset":"https:\/\/i0.wp.com\/jardindeplumes.fr\/wp\/wp-content\/uploads\/2025\/05\/IMG_20250514_184848073_HDR-scaled.jpg?resize=350%2C200 1x, https:\/\/i0.wp.com\/jardindeplumes.fr\/wp\/wp-content\/uploads\/2025\/05\/IMG_20250514_184848073_HDR-scaled.jpg?resize=525%2C300 1.5x, https:\/\/i0.wp.com\/jardindeplumes.fr\/wp\/wp-content\/uploads\/2025\/05\/IMG_20250514_184848073_HDR-scaled.jpg?resize=700%2C400 2x, https:\/\/i0.wp.com\/jardindeplumes.fr\/wp\/wp-content\/uploads\/2025\/05\/IMG_20250514_184848073_HDR-scaled.jpg?resize=1050%2C600 3x, https:\/\/i0.wp.com\/jardindeplumes.fr\/wp\/wp-content\/uploads\/2025\/05\/IMG_20250514_184848073_HDR-scaled.jpg?resize=1400%2C800 4x"},"classes":[]}],"_links":{"self":[{"href":"https:\/\/jardindeplumes.fr\/wp\/wp-json\/wp\/v2\/posts\/10022","targetHints":{"allow":["GET"]}}],"collection":[{"href":"https:\/\/jardindeplumes.fr\/wp\/wp-json\/wp\/v2\/posts"}],"about":[{"href":"https:\/\/jardindeplumes.fr\/wp\/wp-json\/wp\/v2\/types\/post"}],"author":[{"embeddable":true,"href":"https:\/\/jardindeplumes.fr\/wp\/wp-json\/wp\/v2\/users\/1"}],"replies":[{"embeddable":true,"href":"https:\/\/jardindeplumes.fr\/wp\/wp-json\/wp\/v2\/comments?post=10022"}],"version-history":[{"count":1,"href":"https:\/\/jardindeplumes.fr\/wp\/wp-json\/wp\/v2\/posts\/10022\/revisions"}],"predecessor-version":[{"id":10024,"href":"https:\/\/jardindeplumes.fr\/wp\/wp-json\/wp\/v2\/posts\/10022\/revisions\/10024"}],"wp:attachment":[{"href":"https:\/\/jardindeplumes.fr\/wp\/wp-json\/wp\/v2\/media?parent=10022"}],"wp:term":[{"taxonomy":"category","embeddable":true,"href":"https:\/\/jardindeplumes.fr\/wp\/wp-json\/wp\/v2\/categories?post=10022"},{"taxonomy":"post_tag","embeddable":true,"href":"https:\/\/jardindeplumes.fr\/wp\/wp-json\/wp\/v2\/tags?post=10022"}],"curies":[{"name":"wp","href":"https:\/\/api.w.org\/{rel}","templated":true}]}}